{"id":45814,"date":"2025-03-18T09:57:18","date_gmt":"2025-03-18T12:57:18","guid":{"rendered":"https:\/\/www.obispado-mdp.org.ar\/a\/?p=45814"},"modified":"2025-03-18T12:19:24","modified_gmt":"2025-03-18T15:19:24","slug":"el-clero-de-la-diocesis-celebro-su-jubileo-en-la-catedral","status":"publish","type":"post","link":"https:\/\/www.obispado-mdp.org.ar\/a\/el-clero-de-la-diocesis-celebro-su-jubileo-en-la-catedral\/","title":{"rendered":"El Clero de la di\u00f3cesis celebr\u00f3 su Jubileo en la Catedral"},"content":{"rendered":"\n<p>Sacerdotes y di\u00e1conos de la di\u00f3cesis de Mar del Plata celebraron junto al obispo, monse\u00f1or Ernesto Giobando sj., su jubileo en el marco del A\u00f1o Santo convocado por el papa Francisco. La jornada se desarroll\u00f3 el pasado lunes 17 en la Iglesia Catedral y comenz\u00f3 con una charla en la que el padre Ariel Sueiro, pr\u00f3ximo a cumplir sus bodas de plata sacerdotales, comparti\u00f3 su reflexi\u00f3n.<\/p>\n\n\n\n<p>Seguidamente se dirigieron al templo, donde junto a los fieles que se hicieron presentes, rezaron las V\u00edsperas y participaron de un momento de adoraci\u00f3n al Sant\u00edsimo Sacramento. A continuaci\u00f3n se celebr\u00f3 la Santa Misa en la que renovaron su acci\u00f3n de gracias a Dios por el don de la vocaci\u00f3n y se elev\u00f3 una plegaria por todo el clero de la di\u00f3cesis.<\/p>\n\n\n\n<p>\u201cSomos una obra de la infinita misericordia del Se\u00f1or, llamados desde distintas situaciones existenciales por el mismo Se\u00f1or Jes\u00fas que nos invita a seguirlo\u201d comenz\u00f3 diciendo monse\u00f1or Giobando, quien continu\u00f3 \u201csabemos y experimentamos cada d\u00eda que sin su gracia no podemos realizar esta misi\u00f3n: ser otros \u201ccristos\u201d, es decir ungidos, en el mundo y en la cultura actual. Cada gesto, cada palabra, cada relaci\u00f3n interpersonal y comunitaria deber\u00eda manifestar la presencia del Se\u00f1or, all\u00ed donde estamos misionados por la Providencia de Dios.\u201d<\/p>\n\n\n\n<p>Dirigi\u00e9ndose al clero, les agradeci\u00f3 \u201cpor la inmensa tarea que realizan en la di\u00f3cesis, muchos de ustedes a cargo de varias comunidades, recorriendo caminos, calles, pasillos, para llevar la Buena Noticia, muchas gracias por sus vidas\u201d y comentando las lecturas destac\u00f3 que \u201cnos invitan a pedir perd\u00f3n y a confiar en la misericordia divina. Y porque somos perdonados tambi\u00e9n tenemos que ser misericordiosos con los dem\u00e1s.\u201d \u201cEl profeta Daniel, en el exilio, hace su confesi\u00f3n a Dios en nombre propio y de todo el pueblo de Israel, pidiendo perd\u00f3n por la rebeld\u00eda a Dios, por no haber escuchado su voz: \u2018A nosotros Se\u00f1or la verg\u00fcenza reflejada en el rostro\u2019\u201d, relat\u00f3.<\/p>\n\n\n\n<p>Y afirm\u00f3 \u201ccomo di\u00e1conos, sacerdotes, y tambi\u00e9n como obispo, pedimos perd\u00f3n. El perd\u00f3n es una de las gracias del A\u00f1o Jubilar. Pedimos perd\u00f3n e indulgencia por no ser mejores testigos de Jes\u00fas y de su Evangelio. Perd\u00f3n por los esc\u00e1ndalos y las ausencias que hacen sufrir al Santo Pueblo de Dios. Perd\u00f3n tambi\u00e9n por nuestros silencios ante tantas injusticias. Y confiamos en la misericordia divina, \u201cDios no se cansa de perdonar, somos nosotros los que nos cansamos de pedir perd\u00f3n\u201d, nos repite Francisco. Esa misericordia que se refleja en el Coraz\u00f3n de Jes\u00fas, del cual los sacerdotes debemos ser testigos<em>: \u201cEl sacerdocio es el amor del Coraz\u00f3n de Jes\u00fas\u201d<\/em>, nos recuerda el Santo Cura de Ars.\u201d<\/p>\n\n\n\n<p>\u201cPedimos la gracia en este Jubileo del Clero que el Esp\u00edritu Santo nos ampl\u00ede la medida de nuestro regazo, podemos decir de nuestra t\u00fanica ministerial, para que, sobre ella, sobre nuestra frente y coraz\u00f3n, sobre nuestras manos consagradas, se derramen los dones del ministerio sacerdotal y diaconal. Y que esa \u201cmedida apretada, sacudida y desbordante\u201d que se nos regala, la empleemos sobre los dem\u00e1s, sin cr\u00edticas destructivas ni comentarios descalificatorios, sin huidas dejando al reba\u00f1o a merced de los lobos. Tenemos que aprender una y otra vez el lenguaje de la compasi\u00f3n, de la escucha, del silencio, de la cercan\u00eda. Que haya m\u00e1s lugar para el perd\u00f3n y la misericordia, seremos as\u00ed testigos de la esperanza\u201d, afirm\u00f3.<\/p>\n\n\n\n<p><\/p>\n\n\n\n<figure class=\"wp-block-image size-large\"><img loading=\"lazy\" width=\"1024\" height=\"768\" src=\"https:\/\/www.obispado-mdp.org.ar\/a\/wp-content\/uploads\/2025\/03\/WhatsApp-Image-2025-03-18-at-7.39.30-AM-1-1024x768.jpeg\" alt=\"\" class=\"wp-image-45821\"\/><\/figure>\n\n\n\n<figure class=\"wp-block-image size-large\"><img loading=\"lazy\" width=\"1024\" height=\"768\" src=\"https:\/\/www.obispado-mdp.org.ar\/a\/wp-content\/uploads\/2025\/03\/WhatsApp-Image-2025-03-17-at-11.32.15-PM-1024x768.jpeg\" alt=\"\" class=\"wp-image-45815\"\/><\/figure>\n\n\n\n<figure class=\"wp-block-image size-large\"><img loading=\"lazy\" width=\"1024\" height=\"768\" src=\"https:\/\/www.obispado-mdp.org.ar\/a\/wp-content\/uploads\/2025\/03\/WhatsApp-Image-2025-03-17-at-11.32.16-PM-1024x768.jpeg\" alt=\"\" class=\"wp-image-45816\"\/><\/figure>\n\n\n\n<figure class=\"wp-block-image size-large\"><img loading=\"lazy\" width=\"1024\" height=\"768\" src=\"https:\/\/www.obispado-mdp.org.ar\/a\/wp-content\/uploads\/2025\/03\/WhatsApp-Image-2025-03-18-at-7.39.28-AM-1024x768.jpeg\" alt=\"\" class=\"wp-image-45819\"\/><\/figure>\n\n\n\n<figure class=\"wp-block-image size-large\"><img loading=\"lazy\" width=\"1024\" height=\"768\" src=\"https:\/\/www.obispado-mdp.org.ar\/a\/wp-content\/uploads\/2025\/03\/WhatsApp-Image-2025-03-18-at-7.39.30-AM-1024x768.jpeg\" alt=\"\" class=\"wp-image-45820\"\/><\/figure>\n\n\n\n<figure class=\"wp-block-image size-large\"><img loading=\"lazy\" width=\"1024\" height=\"768\" src=\"https:\/\/www.obispado-mdp.org.ar\/a\/wp-content\/uploads\/2025\/03\/WhatsApp-Image-2025-03-18-at-7.39.29-AM-1024x768.jpeg\" alt=\"\" class=\"wp-image-45817\"\/><\/figure>\n\n\n\n<div class=\"wp-block-file\"><a id=\"wp-block-file--media-5441fa8f-0aff-4f80-a442-3d2688b95d7e\" href=\"https:\/\/www.obispado-mdp.org.ar\/a\/wp-content\/uploads\/2025\/03\/Homilia-Jubileo-del-Clero-MDP-1.docx\">Ver texto completo de la homil\u00eda: Homilia-Jubileo-del-Clero-MDP-1<\/a><a href=\"https:\/\/www.obispado-mdp.org.ar\/a\/wp-content\/uploads\/2025\/03\/Homilia-Jubileo-del-Clero-MDP-1.docx\" class=\"wp-block-file__button\" download aria-describedby=\"wp-block-file--media-5441fa8f-0aff-4f80-a442-3d2688b95d7e\">Descarga<\/a><\/div>\n","protected":false},"excerpt":{"rendered":"<p>Sacerdotes y di\u00e1conos de la di\u00f3cesis de Mar del Plata celebraron junto al obispo, monse\u00f1or Ernesto Giobando sj., su jubileo en el marco del A\u00f1o Santo convocado por el papa Francisco. La jornada se desarroll\u00f3 el pasado lunes 17 en la Iglesia Catedral y comenz\u00f3 con una charla en la que el padre Ariel Sueiro, [&hellip;]<\/p>\n","protected":false},"author":4,"featured_media":0,"comment_status":"open","ping_status":"open","sticky":false,"template":"","format":"standard","meta":{"_et_pb_use_builder":"","_et_pb_old_content":"","_et_gb_content_width":""},"categories":[4],"tags":[],"aioseo_notices":[],"_links":{"self":[{"href":"https:\/\/www.obispado-mdp.org.ar\/a\/wp-json\/wp\/v2\/posts\/45814"}],"collection":[{"href":"https:\/\/www.obispado-mdp.org.ar\/a\/wp-json\/wp\/v2\/posts"}],"about":[{"href":"https:\/\/www.obispado-mdp.org.ar\/a\/wp-json\/wp\/v2\/types\/post"}],"author":[{"embeddable":true,"href":"https:\/\/www.obispado-mdp.org.ar\/a\/wp-json\/wp\/v2\/users\/4"}],"replies":[{"embeddable":true,"href":"https:\/\/www.obispado-mdp.org.ar\/a\/wp-json\/wp\/v2\/comments?post=45814"}],"version-history":[{"count":4,"href":"https:\/\/www.obispado-mdp.org.ar\/a\/wp-json\/wp\/v2\/posts\/45814\/revisions"}],"predecessor-version":[{"id":45828,"href":"https:\/\/www.obispado-mdp.org.ar\/a\/wp-json\/wp\/v2\/posts\/45814\/revisions\/45828"}],"wp:attachment":[{"href":"https:\/\/www.obispado-mdp.org.ar\/a\/wp-json\/wp\/v2\/media?parent=45814"}],"wp:term":[{"taxonomy":"category","embeddable":true,"href":"https:\/\/www.obispado-mdp.org.ar\/a\/wp-json\/wp\/v2\/categories?post=45814"},{"taxonomy":"post_tag","embeddable":true,"href":"https:\/\/www.obispado-mdp.org.ar\/a\/wp-json\/wp\/v2\/tags?post=45814"}],"curies":[{"name":"wp","href":"https:\/\/api.w.org\/{rel}","templated":true}]}}