{"id":45838,"date":"2025-03-21T08:13:48","date_gmt":"2025-03-21T11:13:48","guid":{"rendered":"https:\/\/www.obispado-mdp.org.ar\/a\/?p=45838"},"modified":"2025-03-21T08:13:49","modified_gmt":"2025-03-21T11:13:49","slug":"mons-giobando-presidio-la-misa-de-inicio-de-ciclo-lectivo-2025-de-jurec","status":"publish","type":"post","link":"https:\/\/www.obispado-mdp.org.ar\/a\/mons-giobando-presidio-la-misa-de-inicio-de-ciclo-lectivo-2025-de-jurec\/","title":{"rendered":"Mons. Giobando presidi\u00f3 la Misa de inicio de ciclo lectivo 2025 de JuREC"},"content":{"rendered":"\n<p>En la Parroquia San Jos\u00e9, miembros de las comunidades educativas de la di\u00f3cesis de Mar del Plata participaron de la Misa en la que se encomend\u00f3 al Se\u00f1or el presente ciclo lectivo. La misma fue presidida este jueves 20 de marzo por el obispo diocesano, monse\u00f1or Ernesto Giobando sj. y concelebrada por el vicario episcopal de Educaci\u00f3n, presb\u00edtero Juan Cruz Mennilli, adem\u00e1s de otros sacerdotes que acompa\u00f1an pastoralmente a las escuelas. Como es habitual en las Misas de inicio de ciclo lectivo organizadas por la JuREC, se realiz\u00f3 un homenaje y reconocimiento a los miembros de equipos directivos que durante el a\u00f1o anterior alcanzaron el beneficio de la jubilaci\u00f3n.<\/p>\n\n\n\n<p>Se encontraban presentes miembros de la Junta Regional de Educaci\u00f3n Cat\u00f3lica (JuREC), encabezados por su presidente, Javier Sanchez; la inspectora jefe de la Regi\u00f3n 19, Ana Carolina Di Alessio, junto al cuerpo de inspectores; el secretario de Educaci\u00f3n de la comuna, Fernando Rizzi; representantes del SADoP y miembros de las comunidades educativas. Por su parte el director provincial de la Direcci\u00f3n de Educaci\u00f3n de Gesti\u00f3n Privada (DiEGeP), Javier Randaldi, envi\u00f3 un mensaje en el que manifest\u00f3 su \u201ccercan\u00eda espiritual\u201d y expres\u00f3 su compromiso de \u201ctrabajar en comuni\u00f3n durante el presente ciclo lectivo.\u201d<\/p>\n\n\n\n<p>El Obispo agradeci\u00f3 a los docentes por su tarea, destacando que \u201ces un desaf\u00edo saber escuchar a los ni\u00f1os y a los j\u00f3venes, ya que educar no se trata de un acto que se realiza en serie o de manera impersonal, sino que implica un v\u00ednculo, un conocer por el nombre, sobre todo a los que como en el Evangelio que se proclam\u00f3, son como esos L\u00e1zaros que est\u00e1n ah\u00ed y necesitan de una mirada.\u201d Asimismo monse\u00f1or Giobando invit\u00f3 a encarar el presente ciclo lectivo \u201ccon la esperanza que nos hace poner el ancla en lo alto y remar mar adentro, en el marco de este A\u00f1o Jubilar que quiere ser un tiempo de gracia y renovaci\u00f3n para todos.\u201d<\/p>\n\n\n\n<figure class=\"wp-block-image size-large\"><img loading=\"lazy\" width=\"1024\" height=\"620\" src=\"https:\/\/www.obispado-mdp.org.ar\/a\/wp-content\/uploads\/2025\/03\/WhatsApp-Image-2025-03-21-at-7.12.06-AM-1024x620.jpeg\" alt=\"\" class=\"wp-image-45839\"\/><\/figure>\n\n\n\n<figure class=\"wp-block-image size-large\"><img loading=\"lazy\" width=\"1024\" height=\"419\" src=\"https:\/\/www.obispado-mdp.org.ar\/a\/wp-content\/uploads\/2025\/03\/WhatsApp-Image-2025-03-21-at-7.12.10-AM-1024x419.jpeg\" alt=\"\" class=\"wp-image-45840\"\/><\/figure>\n\n\n\n<figure class=\"wp-block-image size-large\"><img loading=\"lazy\" width=\"1024\" height=\"407\" src=\"https:\/\/www.obispado-mdp.org.ar\/a\/wp-content\/uploads\/2025\/03\/WhatsApp-Image-2025-03-21-at-7.12.09-AM-1024x407.jpeg\" alt=\"\" class=\"wp-image-45841\"\/><\/figure>\n\n\n\n<figure class=\"wp-block-image size-large\"><img loading=\"lazy\" width=\"1024\" height=\"544\" src=\"https:\/\/www.obispado-mdp.org.ar\/a\/wp-content\/uploads\/2025\/03\/WhatsApp-Image-2025-03-21-at-7.12.06-AM-1-1024x544.jpeg\" alt=\"\" class=\"wp-image-45842\"\/><\/figure>\n","protected":false},"excerpt":{"rendered":"<p>En la Parroquia San Jos\u00e9, miembros de las comunidades educativas de la di\u00f3cesis de Mar del Plata participaron de la Misa en la que se encomend\u00f3 al Se\u00f1or el presente ciclo lectivo. La misma fue presidida este jueves 20 de marzo por el obispo diocesano, monse\u00f1or Ernesto Giobando sj. y concelebrada por el vicario episcopal [&hellip;]<\/p>\n","protected":false},"author":4,"featured_media":0,"comment_status":"open","ping_status":"open","sticky":false,"template":"","format":"standard","meta":{"_et_pb_use_builder":"","_et_pb_old_content":"","_et_gb_content_width":""},"categories":[4],"tags":[],"aioseo_notices":[],"_links":{"self":[{"href":"https:\/\/www.obispado-mdp.org.ar\/a\/wp-json\/wp\/v2\/posts\/45838"}],"collection":[{"href":"https:\/\/www.obispado-mdp.org.ar\/a\/wp-json\/wp\/v2\/posts"}],"about":[{"href":"https:\/\/www.obispado-mdp.org.ar\/a\/wp-json\/wp\/v2\/types\/post"}],"author":[{"embeddable":true,"href":"https:\/\/www.obispado-mdp.org.ar\/a\/wp-json\/wp\/v2\/users\/4"}],"replies":[{"embeddable":true,"href":"https:\/\/www.obispado-mdp.org.ar\/a\/wp-json\/wp\/v2\/comments?post=45838"}],"version-history":[{"count":1,"href":"https:\/\/www.obispado-mdp.org.ar\/a\/wp-json\/wp\/v2\/posts\/45838\/revisions"}],"predecessor-version":[{"id":45843,"href":"https:\/\/www.obispado-mdp.org.ar\/a\/wp-json\/wp\/v2\/posts\/45838\/revisions\/45843"}],"wp:attachment":[{"href":"https:\/\/www.obispado-mdp.org.ar\/a\/wp-json\/wp\/v2\/media?parent=45838"}],"wp:term":[{"taxonomy":"category","embeddable":true,"href":"https:\/\/www.obispado-mdp.org.ar\/a\/wp-json\/wp\/v2\/categories?post=45838"},{"taxonomy":"post_tag","embeddable":true,"href":"https:\/\/www.obispado-mdp.org.ar\/a\/wp-json\/wp\/v2\/tags?post=45838"}],"curies":[{"name":"wp","href":"https:\/\/api.w.org\/{rel}","templated":true}]}}