{"id":45845,"date":"2025-03-24T08:30:00","date_gmt":"2025-03-24T11:30:00","guid":{"rendered":"https:\/\/www.obispado-mdp.org.ar\/a\/?p=45845"},"modified":"2025-03-23T23:46:29","modified_gmt":"2025-03-24T02:46:29","slug":"con-misas-en-mar-del-plata-y-balcarce-se-celebro-a-san-jose","status":"publish","type":"post","link":"https:\/\/www.obispado-mdp.org.ar\/a\/con-misas-en-mar-del-plata-y-balcarce-se-celebro-a-san-jose\/","title":{"rendered":"Con Misas en Mar del Plata y Balcarce, se celebr\u00f3 a San Jos\u00e9"},"content":{"rendered":"\n<p>En el marco de la solemnidad de San Jos\u00e9 que la Iglesia celebra cada 19 de diciembre, acontecieron este fin de semana las fiestas patronales de las Parroquias que lo tienen por patrono, tanto en Balcarce como en Mar del Plata. En ambas se hizo presente el obispo diocesano, monse\u00f1or Ernesto Giobando sj. quien particip\u00f3 de los festejos preparados por ambas comunidades.<\/p>\n\n\n\n<p>En Balcarce, los festejos tuvieron lugar el s\u00e1bado 22 y contaron con gran participaci\u00f3n de fieles. Luego de la Misa, tuvo lugar un festival cultural aportando as\u00ed un momento festivo que forja a\u00f1o a a\u00f1o la identidad de la fiesta patronal.<\/p>\n\n\n\n<p>En Mar del Plata la celebraci\u00f3n patronal fue el domingo 23 en la Parroquia San Jos\u00e9 a cargo de los padres Orionitas, e incluy\u00f3 un almuerzo a continuaci\u00f3n de la Misa presidida por el Obispo. Monse\u00f1or Giobando destac\u00f3 all\u00ed el \u201cesp\u00edritu fraternal y comunitario\u201d que pudo percibir en la comunidad y comentando las lecturas exhort\u00f3 a \u201cponer nuestra seguridad en Dios y no en las cosas materiales o en uno mismo.\u201d \u201cHay que animarse porque a veces Dios guarda silencio no porque quiere estar lejos de nosotros sino para ense\u00f1arnos hay una pedagog\u00eda de la confianza en Dios. No todo es inmediato, no es un \u2018llame ya y vas a recibir una respuesta\u2019. Estamos acostumbrados a que todo lo que pedimos tiene que llegar inmediatamente y no es as\u00ed\u201d, afirm\u00f3.<\/p>\n\n\n\n<p>Refiri\u00e9ndose a la par\u00e1bola contenida en el Evangelio que se proclam\u00f3, explic\u00f3 que \u201cJes\u00fas no vino al mundo para condenar al mundo, sino para salvar al mundo. Por eso no entra haciendo destrozos ni cortando todo: el vi\u00f1ador sabe c\u00f3mo podar\u201d y agreg\u00f3 \u201cDios es como un jardinero y la sociedad tiene que ser tratada as\u00ed como un jardinero trata las plantas y los \u00e1rboles, pero vivimos en una sociedad donde el trato es violento y estamos como acostumbr\u00e1ndonos.\u201d Seguidamente se pregunt\u00f3 \u201c\u00bfse van a solucionar las cosas del pa\u00eds con insultos? \u2013y afirm\u00f3- se solucionan con di\u00e1logo, se solucionan con buenas leyes, se solucionan con una buena justicia, se solucionan con salarios dignos, se soluciona si los jubilados pueden vivir bien.\u201d<\/p>\n\n\n\n<p>\u201cPidamos al Se\u00f1or la gracia de seguir adelante como Iglesia y que cada uno de nosotros sepa c\u00f3mo tratar a los dem\u00e1s. Ojal\u00e1 que nos tratemos como un buen jardinero\u201d, concluy\u00f3.<\/p>\n\n\n\n<figure class=\"wp-block-image size-large\"><img loading=\"lazy\" width=\"1024\" height=\"576\" src=\"https:\/\/www.obispado-mdp.org.ar\/a\/wp-content\/uploads\/2025\/03\/worprees-htal-para-visualizacion-completa-1024x576.png\" alt=\"\" class=\"wp-image-45846\"\/><\/figure>\n\n\n\n<figure class=\"wp-block-image size-large\"><img loading=\"lazy\" width=\"1024\" height=\"768\" src=\"https:\/\/www.obispado-mdp.org.ar\/a\/wp-content\/uploads\/2025\/03\/balca-1024x768.jpg\" alt=\"\" class=\"wp-image-45848\"\/><\/figure>\n\n\n\n<figure class=\"wp-block-image size-large\"><img loading=\"lazy\" width=\"1024\" height=\"576\" src=\"https:\/\/www.obispado-mdp.org.ar\/a\/wp-content\/uploads\/2025\/03\/balc...-1024x576.jpg\" alt=\"\" class=\"wp-image-45849\"\/><\/figure>\n\n\n\n<figure class=\"wp-block-image size-large\"><img loading=\"lazy\" width=\"1024\" height=\"768\" src=\"https:\/\/www.obispado-mdp.org.ar\/a\/wp-content\/uploads\/2025\/03\/balcarce.patroanles-1024x768.jpg\" alt=\"\" class=\"wp-image-45850\"\/><\/figure>\n\n\n\n<figure class=\"wp-block-image size-large\"><img loading=\"lazy\" width=\"1024\" height=\"768\" src=\"https:\/\/www.obispado-mdp.org.ar\/a\/wp-content\/uploads\/2025\/03\/ban-1024x768.jpg\" alt=\"\" class=\"wp-image-45851\"\/><\/figure>\n\n\n\n<figure class=\"wp-block-image size-large\"><img loading=\"lazy\" width=\"1024\" height=\"768\" src=\"https:\/\/www.obispado-mdp.org.ar\/a\/wp-content\/uploads\/2025\/03\/7cbc5dfe-26cc-46ea-89c8-bd83adfd6a64-1024x768.jpg\" alt=\"\" class=\"wp-image-45852\"\/><\/figure>\n\n\n\n<figure class=\"wp-block-image size-large\"><img loading=\"lazy\" width=\"1024\" height=\"768\" src=\"https:\/\/www.obispado-mdp.org.ar\/a\/wp-content\/uploads\/2025\/03\/60584da4-c048-40f2-9eb3-52fc6001a039-1024x768.jpg\" alt=\"\" class=\"wp-image-45853\"\/><\/figure>\n","protected":false},"excerpt":{"rendered":"<p>En el marco de la solemnidad de San Jos\u00e9 que la Iglesia celebra cada 19 de diciembre, acontecieron este fin de semana las fiestas patronales de las Parroquias que lo tienen por patrono, tanto en Balcarce como en Mar del Plata. En ambas se hizo presente el obispo diocesano, monse\u00f1or Ernesto Giobando sj. quien particip\u00f3 [&hellip;]<\/p>\n","protected":false},"author":4,"featured_media":0,"comment_status":"open","ping_status":"open","sticky":false,"template":"","format":"standard","meta":{"_et_pb_use_builder":"","_et_pb_old_content":"","_et_gb_content_width":""},"categories":[4],"tags":[],"aioseo_notices":[],"_links":{"self":[{"href":"https:\/\/www.obispado-mdp.org.ar\/a\/wp-json\/wp\/v2\/posts\/45845"}],"collection":[{"href":"https:\/\/www.obispado-mdp.org.ar\/a\/wp-json\/wp\/v2\/posts"}],"about":[{"href":"https:\/\/www.obispado-mdp.org.ar\/a\/wp-json\/wp\/v2\/types\/post"}],"author":[{"embeddable":true,"href":"https:\/\/www.obispado-mdp.org.ar\/a\/wp-json\/wp\/v2\/users\/4"}],"replies":[{"embeddable":true,"href":"https:\/\/www.obispado-mdp.org.ar\/a\/wp-json\/wp\/v2\/comments?post=45845"}],"version-history":[{"count":1,"href":"https:\/\/www.obispado-mdp.org.ar\/a\/wp-json\/wp\/v2\/posts\/45845\/revisions"}],"predecessor-version":[{"id":45854,"href":"https:\/\/www.obispado-mdp.org.ar\/a\/wp-json\/wp\/v2\/posts\/45845\/revisions\/45854"}],"wp:attachment":[{"href":"https:\/\/www.obispado-mdp.org.ar\/a\/wp-json\/wp\/v2\/media?parent=45845"}],"wp:term":[{"taxonomy":"category","embeddable":true,"href":"https:\/\/www.obispado-mdp.org.ar\/a\/wp-json\/wp\/v2\/categories?post=45845"},{"taxonomy":"post_tag","embeddable":true,"href":"https:\/\/www.obispado-mdp.org.ar\/a\/wp-json\/wp\/v2\/tags?post=45845"}],"curies":[{"name":"wp","href":"https:\/\/api.w.org\/{rel}","templated":true}]}}