{"id":45856,"date":"2025-03-24T18:00:30","date_gmt":"2025-03-24T21:00:30","guid":{"rendered":"https:\/\/www.obispado-mdp.org.ar\/a\/?p=45856"},"modified":"2025-03-24T18:00:32","modified_gmt":"2025-03-24T21:00:32","slug":"con-una-misa-en-la-catedral-se-recordo-a-coca-maggi-a-50-anos-de-su-secuestro-y-asesinato","status":"publish","type":"post","link":"https:\/\/www.obispado-mdp.org.ar\/a\/con-una-misa-en-la-catedral-se-recordo-a-coca-maggi-a-50-anos-de-su-secuestro-y-asesinato\/","title":{"rendered":"Con una Misa en la Catedral se record\u00f3 a Coca Maggi a 50 a\u00f1os de su secuestro y asesinato"},"content":{"rendered":"\n<p>Al cumplirse un nuevo aniversario del secuestro y asesinato de Mar\u00eda del Carmen \u201cCoca\u201d Maggi, se celebr\u00f3 el pasado domingo 23 una Misa en la Catedral, presidida por el obispo diocesano, monse\u00f1or Ernesto Giobando sj.<\/p>\n\n\n\n<p>Coca Maggi fue decana de la Facultad de Humanidades de la entonces Universidad Cat\u00f3lica en Mar del Plata y era una estrecha colaboradora del obispo de entonces \u2013hoy beato- Eduardo Francisco Pironio. Fue secuestrada en 1975 y su cad\u00e1ver fue encontrado en Mar Chiquita un a\u00f1o despu\u00e9s.<\/p>\n\n\n\n<p>Monse\u00f1or Giobando destac\u00f3 que \u201cCoca fue una mujer cristiana, profundamente cristiana, que vivi\u00f3 en esa \u00e9poca en la que hablar de los pobres era peligroso, hacer la opci\u00f3n por los pobres para muchos era hacer la opci\u00f3n por el comunismo, querer vivir las exigencias del Evangelio implicaba poner en riesgo su propia vida, y eso fue lo que aconteci\u00f3 en esta buena mujer.\u201d<\/p>\n\n\n\n<p>\u201cElla no renunci\u00f3 a una conversi\u00f3n de las estructuras injustas de la sociedad sino que trabaj\u00f3 por ello, con un coraz\u00f3n de mujer comprometida en ese cambio. Eso la llev\u00f3 a que en aquellos momentos los que persegu\u00edan, bajo la l\u00f3gica de un pensamiento \u00fanico que se impone, perpetraran la desaparici\u00f3n de Coca en esta ciudad\u201d, relat\u00f3. Y prosigui\u00f3 \u201cella trabajaba para que esa universidad sea p\u00fablica, gratuita, que es algo muy arraigado en nuestra cultura y no debemos dejar de bregar por eso.\u201d<\/p>\n\n\n\n<p>Seguidamente destac\u00f3 que \u201csu desaparici\u00f3n ocurri\u00f3 hace 50 a\u00f1os y era un A\u00f1o Santo: el A\u00f1o de la Reconciliaci\u00f3n al que Pablo VI nos hab\u00eda invitado en el a\u00f1o 1975. Pasaron 50 a\u00f1os y hoy m\u00e1s que nunca necesitamos reconciliarnos como pa\u00eds, necesitamos bajar un poco la agresividad, el discurso de insultos, de odio, de broncas que es lo que vemos en los dirigentes, para poder sentarnos en una mesa y poder dialogar, poder buscar juntos los caminos de una mayor justicia, de estructuras m\u00e1s humanas en la sociedad que nos toca construir. Tenemos el ejemplo de Coca que nos anima a no bajar los brazos, a dar la vida, incluso si es necesario, en b\u00fasqueda de ese gran ideal cristiano que es tambi\u00e9n un ideal de vida social m\u00e1s justa.\u201d<\/p>\n\n\n\n<p>En otro pasaje de su homil\u00eda el Prelado expres\u00f3 haber \u201cle\u00eddo algunas de las poes\u00edas de Coca para intentar entrar en su coraz\u00f3n, en un librito que se llama Bocap\u00e1jaro, que es donde est\u00e1n sus poes\u00edas\u201d y afirm\u00f3 \u201cah\u00ed podemos ver su humanidad, no solo sus letras, sino su coraz\u00f3n, ya que la poes\u00eda siempre trasciende.\u201d Comentando esa obra de Maggi explic\u00f3 que \u201cen muchas de sus poes\u00edas est\u00e1 la imagen del p\u00e1jaro, que es una imagen muy linda del vuelo, de la libertad, de la b\u00fasqueda del infinito, de esas cosas que est\u00e1n en el cielo y a las que los p\u00e1jaros se acercan y luego tambi\u00e9n bajan a la tierra tray\u00e9ndonos su vuelo.\u201d<\/p>\n\n\n\n<p>Finalmente monse\u00f1or Giobando, tras destacar el v\u00ednculo entre Coca Maggi y el cardenal Pironio, cit\u00f3 al hoy Beato que desde Roma escribi\u00f3 \u201cquiero compartir el dolor de otras personas, familiares e instituciones que est\u00e1n sufriendo tambi\u00e9n agudamente un secuestro, una amenaza, un atentado (\u2026) Respetemos la vida de los otros, que es sagrada. Respetemos su libertad, que es don de Dios. Respetemos sus ideas y tratemos de buscar juntos en la sinceridad de un di\u00e1logo verdadero cu\u00e1l es el camino de la reconstrucci\u00f3n nacional y de la paz.\u201d Y concluy\u00f3 \u201cesto est\u00e1 escrito hace 50 a\u00f1os pero parece escrito para este tiempo. Que estos testigos de la fe nos ayuden en la b\u00fasqueda de que este reino de Dios se haga realidad en lo cotidiano de nuestras vidas. Y no aflojemos, a\u00fan si hay que dar la vida.\u201d<\/p>\n\n\n\n<p><\/p>\n\n\n\n<figure class=\"wp-block-image size-large\"><img loading=\"lazy\" width=\"1024\" height=\"768\" src=\"https:\/\/www.obispado-mdp.org.ar\/a\/wp-content\/uploads\/2025\/03\/WhatsApp-Image-2025-03-23-at-7.32.59-PM-1024x768.jpeg\" alt=\"\" class=\"wp-image-45860\"\/><\/figure>\n\n\n\n<figure class=\"wp-block-image size-large is-resized\"><img loading=\"lazy\" src=\"https:\/\/www.obispado-mdp.org.ar\/a\/wp-content\/uploads\/2025\/03\/WhatsApp-Image-2025-03-23-at-7.32.44-PM-1024x768.jpeg\" alt=\"\" class=\"wp-image-45857\" width=\"821\" height=\"615\"\/><\/figure>\n\n\n\n<figure class=\"wp-block-image size-large\"><img loading=\"lazy\" width=\"1024\" height=\"768\" src=\"https:\/\/www.obispado-mdp.org.ar\/a\/wp-content\/uploads\/2025\/03\/WhatsApp-Image-2025-03-23-at-7.33.45-PM-1024x768.jpeg\" alt=\"\" class=\"wp-image-45858\"\/><\/figure>\n","protected":false},"excerpt":{"rendered":"<p>Al cumplirse un nuevo aniversario del secuestro y asesinato de Mar\u00eda del Carmen \u201cCoca\u201d Maggi, se celebr\u00f3 el pasado domingo 23 una Misa en la Catedral, presidida por el obispo diocesano, monse\u00f1or Ernesto Giobando sj. Coca Maggi fue decana de la Facultad de Humanidades de la entonces Universidad Cat\u00f3lica en Mar del Plata y era [&hellip;]<\/p>\n","protected":false},"author":4,"featured_media":0,"comment_status":"open","ping_status":"open","sticky":false,"template":"","format":"standard","meta":{"_et_pb_use_builder":"","_et_pb_old_content":"","_et_gb_content_width":""},"categories":[4],"tags":[],"aioseo_notices":[],"_links":{"self":[{"href":"https:\/\/www.obispado-mdp.org.ar\/a\/wp-json\/wp\/v2\/posts\/45856"}],"collection":[{"href":"https:\/\/www.obispado-mdp.org.ar\/a\/wp-json\/wp\/v2\/posts"}],"about":[{"href":"https:\/\/www.obispado-mdp.org.ar\/a\/wp-json\/wp\/v2\/types\/post"}],"author":[{"embeddable":true,"href":"https:\/\/www.obispado-mdp.org.ar\/a\/wp-json\/wp\/v2\/users\/4"}],"replies":[{"embeddable":true,"href":"https:\/\/www.obispado-mdp.org.ar\/a\/wp-json\/wp\/v2\/comments?post=45856"}],"version-history":[{"count":3,"href":"https:\/\/www.obispado-mdp.org.ar\/a\/wp-json\/wp\/v2\/posts\/45856\/revisions"}],"predecessor-version":[{"id":45862,"href":"https:\/\/www.obispado-mdp.org.ar\/a\/wp-json\/wp\/v2\/posts\/45856\/revisions\/45862"}],"wp:attachment":[{"href":"https:\/\/www.obispado-mdp.org.ar\/a\/wp-json\/wp\/v2\/media?parent=45856"}],"wp:term":[{"taxonomy":"category","embeddable":true,"href":"https:\/\/www.obispado-mdp.org.ar\/a\/wp-json\/wp\/v2\/categories?post=45856"},{"taxonomy":"post_tag","embeddable":true,"href":"https:\/\/www.obispado-mdp.org.ar\/a\/wp-json\/wp\/v2\/tags?post=45856"}],"curies":[{"name":"wp","href":"https:\/\/api.w.org\/{rel}","templated":true}]}}