{"id":45864,"date":"2025-03-31T17:54:36","date_gmt":"2025-03-31T20:54:36","guid":{"rendered":"https:\/\/www.obispado-mdp.org.ar\/a\/?p=45864"},"modified":"2025-03-31T18:03:54","modified_gmt":"2025-03-31T21:03:54","slug":"jubileo-de-la-vida-consagrada-presente-en-la-diocesis","status":"publish","type":"post","link":"https:\/\/www.obispado-mdp.org.ar\/a\/jubileo-de-la-vida-consagrada-presente-en-la-diocesis\/","title":{"rendered":"Jubileo de la Vida Consagrada presente en la di\u00f3cesis"},"content":{"rendered":"\n<p>Con una jornada de reflexi\u00f3n y oraci\u00f3n y una peregrinaci\u00f3n desde la Capilla Santa Cecilia hacia la Iglesia Catedral, se&nbsp; celebr\u00f3 el pasado s\u00e1bado 29 de marzo el Jubileo de la Vida Consagrada.<\/p>\n\n\n\n<p>Los consagrados y consagradas comenzaron el encuentro en las instalaciones del Colegio Santa Cecilia en donde participaron de una charla a cargo del obispo diocesano, monse\u00f1or Ernesto Giobando sj.\u00a0 Luego compartieron una adoraci\u00f3n\u00a0 Eucar\u00edstica seguida de un momento de reflexi\u00f3n en el que se elaboraron propuestas de acci\u00f3n en conjunto y se avanz\u00f3 en la formaci\u00f3n de un nuevo\u00a0 Equipo Animador de la Vida Consagrada en la di\u00f3cesis.<\/p>\n\n\n\n<p>Como signo en l\u00ednea con el A\u00f1o Jubilar, la Jornada sigui\u00f3 con una peregrinaci\u00f3n hacia la Iglesia Catedral, donde monse\u00f1or Giobando presidi\u00f3 la Eucarist\u00eda. Finalmente compartieron un \u00e1gape fraterno.<\/p>\n\n\n\n<figure class=\"wp-block-image size-large\"><img loading=\"lazy\" width=\"1024\" height=\"768\" src=\"https:\/\/www.obispado-mdp.org.ar\/a\/wp-content\/uploads\/2025\/03\/PHOTO-2025-03-29-18-10-31-1-1024x768.jpg\" alt=\"\" class=\"wp-image-45865\"\/><\/figure>\n\n\n\n<figure class=\"wp-block-image size-large is-resized\"><img loading=\"lazy\" src=\"https:\/\/www.obispado-mdp.org.ar\/a\/wp-content\/uploads\/2025\/03\/PHOTO-2025-03-29-18-10-31-768x1024.jpg\" alt=\"\" class=\"wp-image-45866\" width=\"824\" height=\"1099\"\/><\/figure>\n\n\n\n<figure class=\"wp-block-image size-large is-resized\"><img loading=\"lazy\" src=\"https:\/\/www.obispado-mdp.org.ar\/a\/wp-content\/uploads\/2025\/03\/PHOTO-2025-03-29-18-10-29-2-768x1024.jpg\" alt=\"\" class=\"wp-image-45867\" width=\"819\" height=\"1092\"\/><\/figure>\n\n\n\n<figure class=\"wp-block-image size-large\"><img loading=\"lazy\" width=\"1024\" height=\"1014\" src=\"https:\/\/www.obispado-mdp.org.ar\/a\/wp-content\/uploads\/2025\/03\/PHOTO-2025-03-29-18-10-29-1024x1014.jpg\" alt=\"\" class=\"wp-image-45868\"\/><\/figure>\n\n\n\n<figure class=\"wp-block-image size-large is-resized\"><img loading=\"lazy\" src=\"https:\/\/www.obispado-mdp.org.ar\/a\/wp-content\/uploads\/2025\/03\/PHOTO-2025-03-29-18-10-25-768x1024.jpg\" alt=\"\" class=\"wp-image-45869\" width=\"820\" height=\"1093\"\/><\/figure>\n\n\n\n<figure class=\"wp-block-image size-large\"><img loading=\"lazy\" width=\"1024\" height=\"768\" src=\"https:\/\/www.obispado-mdp.org.ar\/a\/wp-content\/uploads\/2025\/03\/PHOTO-2025-03-29-18-10-21-1024x768.jpg\" alt=\"\" class=\"wp-image-45870\"\/><\/figure>\n\n\n\n<figure class=\"wp-block-image size-large\"><img loading=\"lazy\" width=\"880\" height=\"1024\" src=\"https:\/\/www.obispado-mdp.org.ar\/a\/wp-content\/uploads\/2025\/03\/PHOTO-2025-03-29-18-10-32-1-880x1024.jpg\" alt=\"\" class=\"wp-image-45871\"\/><\/figure>\n\n\n\n<figure class=\"wp-block-image size-large\"><img loading=\"lazy\" width=\"815\" height=\"1024\" src=\"https:\/\/www.obispado-mdp.org.ar\/a\/wp-content\/uploads\/2025\/03\/PHOTO-2025-03-29-18-10-32-815x1024.jpg\" alt=\"\" class=\"wp-image-45872\"\/><\/figure>\n","protected":false},"excerpt":{"rendered":"<p>Con una jornada de reflexi\u00f3n y oraci\u00f3n y una peregrinaci\u00f3n desde la Capilla Santa Cecilia hacia la Iglesia Catedral, se&nbsp; celebr\u00f3 el pasado s\u00e1bado 29 de marzo el Jubileo de la Vida Consagrada. Los consagrados y consagradas comenzaron el encuentro en las instalaciones del Colegio Santa Cecilia en donde participaron de una charla a cargo [&hellip;]<\/p>\n","protected":false},"author":4,"featured_media":0,"comment_status":"open","ping_status":"open","sticky":false,"template":"","format":"standard","meta":{"_et_pb_use_builder":"","_et_pb_old_content":"","_et_gb_content_width":""},"categories":[4],"tags":[],"aioseo_notices":[],"_links":{"self":[{"href":"https:\/\/www.obispado-mdp.org.ar\/a\/wp-json\/wp\/v2\/posts\/45864"}],"collection":[{"href":"https:\/\/www.obispado-mdp.org.ar\/a\/wp-json\/wp\/v2\/posts"}],"about":[{"href":"https:\/\/www.obispado-mdp.org.ar\/a\/wp-json\/wp\/v2\/types\/post"}],"author":[{"embeddable":true,"href":"https:\/\/www.obispado-mdp.org.ar\/a\/wp-json\/wp\/v2\/users\/4"}],"replies":[{"embeddable":true,"href":"https:\/\/www.obispado-mdp.org.ar\/a\/wp-json\/wp\/v2\/comments?post=45864"}],"version-history":[{"count":3,"href":"https:\/\/www.obispado-mdp.org.ar\/a\/wp-json\/wp\/v2\/posts\/45864\/revisions"}],"predecessor-version":[{"id":45875,"href":"https:\/\/www.obispado-mdp.org.ar\/a\/wp-json\/wp\/v2\/posts\/45864\/revisions\/45875"}],"wp:attachment":[{"href":"https:\/\/www.obispado-mdp.org.ar\/a\/wp-json\/wp\/v2\/media?parent=45864"}],"wp:term":[{"taxonomy":"category","embeddable":true,"href":"https:\/\/www.obispado-mdp.org.ar\/a\/wp-json\/wp\/v2\/categories?post=45864"},{"taxonomy":"post_tag","embeddable":true,"href":"https:\/\/www.obispado-mdp.org.ar\/a\/wp-json\/wp\/v2\/tags?post=45864"}],"curies":[{"name":"wp","href":"https:\/\/api.w.org\/{rel}","templated":true}]}}