{"id":45876,"date":"2025-04-02T11:53:19","date_gmt":"2025-04-02T14:53:19","guid":{"rendered":"https:\/\/www.obispado-mdp.org.ar\/a\/?p=45876"},"modified":"2025-04-02T11:54:50","modified_gmt":"2025-04-02T14:54:50","slug":"malvinas-mons-giobando-pidio-la-gracia-del-coraje-de-nuestros-heroes-para-sacar-adelante-nuestra-patria","status":"publish","type":"post","link":"https:\/\/www.obispado-mdp.org.ar\/a\/malvinas-mons-giobando-pidio-la-gracia-del-coraje-de-nuestros-heroes-para-sacar-adelante-nuestra-patria\/","title":{"rendered":"Malvinas: Mons. Giobando pidi\u00f3 \u201cla gracia del coraje de nuestros h\u00e9roes\u201d para sacar adelante nuestra Patria"},"content":{"rendered":"\n<p>En el marco del acto conmemorativo por el D\u00eda del Veterano y de los Ca\u00eddos en la Guerra de Malvinas que encabez\u00f3 el intendente municipal Guillermo Montenegro junto al Centro de Ex Soldados Combatientes en Malvinas, monse\u00f1or Ernesto Giobando tuvo a su cargo la invocaci\u00f3n religiosa en la que expres\u00f3:<\/p>\n\n\n\n<p>\u201cEn esta oraci\u00f3n a los H\u00e9roes de Malvinas, los invito a dar gracias. Gracias a los que dejaron sus vidas en las Islas Malvinas.<\/p>\n\n\n\n<p>Gracias por los que sobrevivieron y son la Memoria Viva de esa guerra, muchos de ellos aqu\u00ed presentes, gracias por su ofrenda y decisi\u00f3n de defender un territorio que ser\u00e1 siempre argentino.<\/p>\n\n\n\n<p>Gracias a Dios por sus vidas, que no queden en el olvido, que sean como esta llama: siempre encendida.<\/p>\n\n\n\n<p>Pedimos tambi\u00e9n perd\u00f3n, perd\u00f3n por la decisi\u00f3n de reclamar nuestros derechos sobre las islas de esa forma y en esas circunstancias. Hay otros caminos que no sea la guerra y el derramamiento de sangre.<\/p>\n\n\n\n<p>Perd\u00f3n por la cantidad de muchachos soldados, suboficiales y oficiales de las fuerzas armadas que dejaron sus vidas y sus ilusiones en las Islas, all\u00ed est\u00e1n enterrados muchos de ellos, por ellos y por tantos errores cometidos en nuestra patria, ayer y hoy, pedimos perd\u00f3n y que puedan descansar en paz.<\/p>\n\n\n\n<p>Recordamos tambi\u00e9n que hoy hace 20 a\u00f1os fallec\u00eda San Juan Pablo II, quien vino a reconfortarnos en esa hora de nuestra Patria como mensajero de la Paz.<\/p>\n\n\n\n<p>Y finalmente pedimos la gracia del coraje y la decisi\u00f3n de sacar adelante nuestra patria, como lo hicieron nuestros H\u00e9roes, hab\u00eda que ir y fueron, hab\u00eda que luchar y lucharon, hab\u00eda que morir y murieron. Y no fue en vano. Aqu\u00ed estamos y pedimos a Dios su bendici\u00f3n y protecci\u00f3n.\u201d<\/p>\n\n\n\n<figure class=\"wp-block-image size-large\"><img loading=\"lazy\" width=\"1024\" height=\"768\" src=\"https:\/\/www.obispado-mdp.org.ar\/a\/wp-content\/uploads\/2025\/04\/IMG_1510-1-1024x768.jpg\" alt=\"\" class=\"wp-image-45877\"\/><\/figure>\n\n\n\n<figure class=\"wp-block-image size-large\"><img loading=\"lazy\" width=\"1024\" height=\"768\" src=\"https:\/\/www.obispado-mdp.org.ar\/a\/wp-content\/uploads\/2025\/04\/IMG_1496-1024x768.jpg\" alt=\"\" class=\"wp-image-45878\"\/><\/figure>\n\n\n\n<figure class=\"wp-block-image size-large is-resized\"><img loading=\"lazy\" src=\"https:\/\/www.obispado-mdp.org.ar\/a\/wp-content\/uploads\/2025\/04\/IMG_1503-768x1024.jpg\" alt=\"\" class=\"wp-image-45879\" width=\"822\" height=\"1096\"\/><\/figure>\n","protected":false},"excerpt":{"rendered":"<p>En el marco del acto conmemorativo por el D\u00eda del Veterano y de los Ca\u00eddos en la Guerra de Malvinas que encabez\u00f3 el intendente municipal Guillermo Montenegro junto al Centro de Ex Soldados Combatientes en Malvinas, monse\u00f1or Ernesto Giobando tuvo a su cargo la invocaci\u00f3n religiosa en la que expres\u00f3: \u201cEn esta oraci\u00f3n a los [&hellip;]<\/p>\n","protected":false},"author":4,"featured_media":0,"comment_status":"open","ping_status":"open","sticky":false,"template":"","format":"standard","meta":{"_et_pb_use_builder":"","_et_pb_old_content":"","_et_gb_content_width":""},"categories":[4],"tags":[],"aioseo_notices":[],"_links":{"self":[{"href":"https:\/\/www.obispado-mdp.org.ar\/a\/wp-json\/wp\/v2\/posts\/45876"}],"collection":[{"href":"https:\/\/www.obispado-mdp.org.ar\/a\/wp-json\/wp\/v2\/posts"}],"about":[{"href":"https:\/\/www.obispado-mdp.org.ar\/a\/wp-json\/wp\/v2\/types\/post"}],"author":[{"embeddable":true,"href":"https:\/\/www.obispado-mdp.org.ar\/a\/wp-json\/wp\/v2\/users\/4"}],"replies":[{"embeddable":true,"href":"https:\/\/www.obispado-mdp.org.ar\/a\/wp-json\/wp\/v2\/comments?post=45876"}],"version-history":[{"count":2,"href":"https:\/\/www.obispado-mdp.org.ar\/a\/wp-json\/wp\/v2\/posts\/45876\/revisions"}],"predecessor-version":[{"id":45882,"href":"https:\/\/www.obispado-mdp.org.ar\/a\/wp-json\/wp\/v2\/posts\/45876\/revisions\/45882"}],"wp:attachment":[{"href":"https:\/\/www.obispado-mdp.org.ar\/a\/wp-json\/wp\/v2\/media?parent=45876"}],"wp:term":[{"taxonomy":"category","embeddable":true,"href":"https:\/\/www.obispado-mdp.org.ar\/a\/wp-json\/wp\/v2\/categories?post=45876"},{"taxonomy":"post_tag","embeddable":true,"href":"https:\/\/www.obispado-mdp.org.ar\/a\/wp-json\/wp\/v2\/tags?post=45876"}],"curies":[{"name":"wp","href":"https:\/\/api.w.org\/{rel}","templated":true}]}}