{"id":45883,"date":"2025-04-05T09:48:21","date_gmt":"2025-04-05T12:48:21","guid":{"rendered":"https:\/\/www.obispado-mdp.org.ar\/a\/?p=45883"},"modified":"2025-04-05T09:48:22","modified_gmt":"2025-04-05T12:48:22","slug":"nombramientos","status":"publish","type":"post","link":"https:\/\/www.obispado-mdp.org.ar\/a\/nombramientos\/","title":{"rendered":"Nombramientos"},"content":{"rendered":"\n<p>En el d\u00eda de la fecha nuestro Obispo Diocesano, Mons. Ernesto Giobando s.j. ha dado a conocer los siguientes nombramientos:<\/p>\n\n\n\n<ul><li>P\u00e1rroco de Medalla Milagrosa de Necochea: Pbro. Alejandro<br>Mart\u00ednez; quien tomar\u00e1 posesi\u00f3n el domingo 18 de mayo a las 11 hs.<\/li><li>P\u00e1rroco de Cristo Rey de Mar del Plata: Pbro. Jayanth Kumar<br>Zacharias Sch.P.; quien tomar\u00e1 posesi\u00f3n el martes 29 de abril a las 18 hs.<\/li><\/ul>\n\n\n\n<p>Mar del Plata, 5 de abril de 2025.<\/p>\n\n\n\n<figure class=\"wp-block-image size-large\"><img loading=\"lazy\" width=\"1024\" height=\"768\" src=\"https:\/\/www.obispado-mdp.org.ar\/a\/wp-content\/uploads\/2025\/04\/Para-nombramientos-WEB-4-1024x768.png\" alt=\"\" class=\"wp-image-45885\"\/><\/figure>\n","protected":false},"excerpt":{"rendered":"<p>En el d\u00eda de la fecha nuestro Obispo Diocesano, Mons. Ernesto Giobando s.j. ha dado a conocer los siguientes nombramientos: P\u00e1rroco de Medalla Milagrosa de Necochea: Pbro. AlejandroMart\u00ednez; quien tomar\u00e1 posesi\u00f3n el domingo 18 de mayo a las 11 hs. P\u00e1rroco de Cristo Rey de Mar del Plata: Pbro. Jayanth KumarZacharias Sch.P.; quien tomar\u00e1 posesi\u00f3n [&hellip;]<\/p>\n","protected":false},"author":4,"featured_media":0,"comment_status":"open","ping_status":"open","sticky":false,"template":"","format":"standard","meta":{"_et_pb_use_builder":"","_et_pb_old_content":"","_et_gb_content_width":""},"categories":[4],"tags":[],"aioseo_notices":[],"_links":{"self":[{"href":"https:\/\/www.obispado-mdp.org.ar\/a\/wp-json\/wp\/v2\/posts\/45883"}],"collection":[{"href":"https:\/\/www.obispado-mdp.org.ar\/a\/wp-json\/wp\/v2\/posts"}],"about":[{"href":"https:\/\/www.obispado-mdp.org.ar\/a\/wp-json\/wp\/v2\/types\/post"}],"author":[{"embeddable":true,"href":"https:\/\/www.obispado-mdp.org.ar\/a\/wp-json\/wp\/v2\/users\/4"}],"replies":[{"embeddable":true,"href":"https:\/\/www.obispado-mdp.org.ar\/a\/wp-json\/wp\/v2\/comments?post=45883"}],"version-history":[{"count":3,"href":"https:\/\/www.obispado-mdp.org.ar\/a\/wp-json\/wp\/v2\/posts\/45883\/revisions"}],"predecessor-version":[{"id":45887,"href":"https:\/\/www.obispado-mdp.org.ar\/a\/wp-json\/wp\/v2\/posts\/45883\/revisions\/45887"}],"wp:attachment":[{"href":"https:\/\/www.obispado-mdp.org.ar\/a\/wp-json\/wp\/v2\/media?parent=45883"}],"wp:term":[{"taxonomy":"category","embeddable":true,"href":"https:\/\/www.obispado-mdp.org.ar\/a\/wp-json\/wp\/v2\/categories?post=45883"},{"taxonomy":"post_tag","embeddable":true,"href":"https:\/\/www.obispado-mdp.org.ar\/a\/wp-json\/wp\/v2\/tags?post=45883"}],"curies":[{"name":"wp","href":"https:\/\/api.w.org\/{rel}","templated":true}]}}