{"id":45888,"date":"2025-04-07T21:22:10","date_gmt":"2025-04-08T00:22:10","guid":{"rendered":"https:\/\/www.obispado-mdp.org.ar\/a\/?p=45888"},"modified":"2025-04-07T22:50:01","modified_gmt":"2025-04-08T01:50:01","slug":"con-gran-representatividad-diocesana-se-realizo-el-encuentro-de-presidentes-directores-y-voluntarios-de-caritas","status":"publish","type":"post","link":"https:\/\/www.obispado-mdp.org.ar\/a\/con-gran-representatividad-diocesana-se-realizo-el-encuentro-de-presidentes-directores-y-voluntarios-de-caritas\/","title":{"rendered":"Con gran representatividad diocesana se realiz\u00f3 el Encuentro de Presidentes, Directores y Voluntarios de C\u00e1ritas"},"content":{"rendered":"\n<p>En instalaciones de la Escuela Sagrada Familia, en el Puerto de Mar del Plata, se desarroll\u00f3 el pasado s\u00e1bado 5 de abril el encuentro diocesano que cada a\u00f1o C\u00e1ritas lleva adelante y que re\u00fane a p\u00e1rrocos (presidentes de C\u00e1ritas de su propia parroquia), directores y voluntarios de esa instituci\u00f3n eclesial presente en cada una de las parroquias del territorio diocesano.<\/p>\n\n\n\n<p>El obispo diocesano, monse\u00f1or Ernesto Giobando sj., tuvo a su cargo la reflexi\u00f3n inicial en la que exhort\u00f3 a los m\u00e1s de 100 participantes a \u201cencarnar en cada lugar una C\u00e1ritas alegre, esperanzada y creativa.\u201d A continuaci\u00f3n y reunidos en grupos, los presentes reflexionaron sobre las palabras del Obispo y compartieron sus realidades.<\/p>\n\n\n\n<p>Finalmente se presentaron algunos de los programas de la instituci\u00f3n junto con algunas propuestas de la comisi\u00f3n directiva de C\u00e1ritas Diocesana para ser desarrolladas por las C\u00e1ritas parroquiales.<\/p>\n\n\n\n<p>Desde la organizaci\u00f3n expresaron su agradecimiento \u201ca todos los que con su servicio y dedicaci\u00f3n hacen posible la misi\u00f3n de C\u00e1ritas\u201d a la vez que exhortaron a \u201cseguir peregrinando juntos hacia la esperanza.\u201d<\/p>\n\n\n\n<figure class=\"wp-block-image size-large\"><img loading=\"lazy\" width=\"1024\" height=\"768\" src=\"https:\/\/www.obispado-mdp.org.ar\/a\/wp-content\/uploads\/2025\/04\/PHOTO-2025-04-07-20-05-29-1024x768.jpg\" alt=\"\" class=\"wp-image-45890\"\/><\/figure>\n\n\n\n<figure class=\"wp-block-image size-large\"><img loading=\"lazy\" width=\"819\" height=\"1024\" src=\"https:\/\/www.obispado-mdp.org.ar\/a\/wp-content\/uploads\/2025\/04\/488369054_18137937358402877_9057894123961531867_n-819x1024.jpg\" alt=\"\" class=\"wp-image-45893\"\/><\/figure>\n\n\n\n<figure class=\"wp-block-image size-large\"><img loading=\"lazy\" width=\"1024\" height=\"768\" src=\"https:\/\/www.obispado-mdp.org.ar\/a\/wp-content\/uploads\/2025\/04\/489418629_18137937484402877_1011900107093835184_n-1024x768.jpg\" alt=\"\" class=\"wp-image-45891\"\/><\/figure>\n\n\n\n<figure class=\"wp-block-image size-large\"><img loading=\"lazy\" width=\"1024\" height=\"576\" src=\"https:\/\/www.obispado-mdp.org.ar\/a\/wp-content\/uploads\/2025\/04\/489362848_18137937403402877_3966272438971222798_n-1024x576.jpg\" alt=\"\" class=\"wp-image-45892\"\/><\/figure>\n\n\n\n<figure class=\"wp-block-image size-large\"><img loading=\"lazy\" width=\"819\" height=\"1024\" src=\"https:\/\/www.obispado-mdp.org.ar\/a\/wp-content\/uploads\/2025\/04\/488686139_18137937394402877_2775739666951513058_n-819x1024.jpg\" alt=\"\" class=\"wp-image-45894\"\/><\/figure>\n","protected":false},"excerpt":{"rendered":"<p>En instalaciones de la Escuela Sagrada Familia, en el Puerto de Mar del Plata, se desarroll\u00f3 el pasado s\u00e1bado 5 de abril el encuentro diocesano que cada a\u00f1o C\u00e1ritas lleva adelante y que re\u00fane a p\u00e1rrocos (presidentes de C\u00e1ritas de su propia parroquia), directores y voluntarios de esa instituci\u00f3n eclesial presente en cada una de [&hellip;]<\/p>\n","protected":false},"author":4,"featured_media":0,"comment_status":"open","ping_status":"open","sticky":false,"template":"","format":"standard","meta":{"_et_pb_use_builder":"","_et_pb_old_content":"","_et_gb_content_width":""},"categories":[4],"tags":[],"aioseo_notices":[],"_links":{"self":[{"href":"https:\/\/www.obispado-mdp.org.ar\/a\/wp-json\/wp\/v2\/posts\/45888"}],"collection":[{"href":"https:\/\/www.obispado-mdp.org.ar\/a\/wp-json\/wp\/v2\/posts"}],"about":[{"href":"https:\/\/www.obispado-mdp.org.ar\/a\/wp-json\/wp\/v2\/types\/post"}],"author":[{"embeddable":true,"href":"https:\/\/www.obispado-mdp.org.ar\/a\/wp-json\/wp\/v2\/users\/4"}],"replies":[{"embeddable":true,"href":"https:\/\/www.obispado-mdp.org.ar\/a\/wp-json\/wp\/v2\/comments?post=45888"}],"version-history":[{"count":3,"href":"https:\/\/www.obispado-mdp.org.ar\/a\/wp-json\/wp\/v2\/posts\/45888\/revisions"}],"predecessor-version":[{"id":45899,"href":"https:\/\/www.obispado-mdp.org.ar\/a\/wp-json\/wp\/v2\/posts\/45888\/revisions\/45899"}],"wp:attachment":[{"href":"https:\/\/www.obispado-mdp.org.ar\/a\/wp-json\/wp\/v2\/media?parent=45888"}],"wp:term":[{"taxonomy":"category","embeddable":true,"href":"https:\/\/www.obispado-mdp.org.ar\/a\/wp-json\/wp\/v2\/categories?post=45888"},{"taxonomy":"post_tag","embeddable":true,"href":"https:\/\/www.obispado-mdp.org.ar\/a\/wp-json\/wp\/v2\/tags?post=45888"}],"curies":[{"name":"wp","href":"https:\/\/api.w.org\/{rel}","templated":true}]}}