{"id":45896,"date":"2025-04-07T21:24:09","date_gmt":"2025-04-08T00:24:09","guid":{"rendered":"https:\/\/www.obispado-mdp.org.ar\/a\/?p=45896"},"modified":"2025-04-07T21:24:10","modified_gmt":"2025-04-08T00:24:10","slug":"comunicado-de-la-mesa-de-dialogo-por-la-dignidad-de-las-periferias-3","status":"publish","type":"post","link":"https:\/\/www.obispado-mdp.org.ar\/a\/comunicado-de-la-mesa-de-dialogo-por-la-dignidad-de-las-periferias-3\/","title":{"rendered":"Comunicado de la Mesa de Di\u00e1logo por la Dignidad de las Periferias"},"content":{"rendered":"\n<p><\/p>\n\n\n\n<p>La Mesa de Di\u00e1logo por la Dignidad de las Periferias se reuni\u00f3 en un nuevo encuentro en el que los representantes de las diversas instituciones que lo integran intercambiaron sus pareceres acerca de las problem\u00e1ticas m\u00e1s acuciantes de las periferias.<\/p>\n\n\n\n<p>Adem\u00e1s de dialogar sobre los avances de los temas que ya se est\u00e1n trabajando, tales como la problem\u00e1tica del basural y la falta de alimentos en los comedores, se resolvi\u00f3 de manera un\u00e1nime abordar la cuesti\u00f3n del avance de la droga y el narcotr\u00e1fico en nuestra ciudad.<\/p>\n\n\n\n<p>Se consider\u00f3 que es alarmante esta realidad que percibimos de primera mano a trav\u00e9s de nuestra presencia en los distintos \u00e1mbitos \u2013no solo de la periferia geogr\u00e1fica en este caso- y que es llamativo el silencio generalizado al respecto.<\/p>\n\n\n\n<p>Se buscar\u00e1 en primer t\u00e9rmino visibilizar la problem\u00e1tica, profundizar en diagn\u00f3sticos m\u00e1s certeros y ofrecer espacios de di\u00e1logo que permitan conocer a fondo esta realidad para promover estrategias que involucren a todos los actores de la sociedad que est\u00e9n dispuestos a contribuir con la construcci\u00f3n de un futuro en el que con el centro en la dignidad de las personas, pueda haber justicia y esperanza.<\/p>\n\n\n\n<p>Foto: Archivo<\/p>\n\n\n\n<figure class=\"wp-block-image size-full\"><img loading=\"lazy\" width=\"1024\" height=\"768\" src=\"https:\/\/www.obispado-mdp.org.ar\/a\/wp-content\/uploads\/2025\/04\/PHOTO-2025-04-07-19-22-03.jpg\" alt=\"\" class=\"wp-image-45897\"\/><\/figure>\n","protected":false},"excerpt":{"rendered":"<p>La Mesa de Di\u00e1logo por la Dignidad de las Periferias se reuni\u00f3 en un nuevo encuentro en el que los representantes de las diversas instituciones que lo integran intercambiaron sus pareceres acerca de las problem\u00e1ticas m\u00e1s acuciantes de las periferias. Adem\u00e1s de dialogar sobre los avances de los temas que ya se est\u00e1n trabajando, tales [&hellip;]<\/p>\n","protected":false},"author":4,"featured_media":0,"comment_status":"open","ping_status":"open","sticky":false,"template":"","format":"standard","meta":{"_et_pb_use_builder":"","_et_pb_old_content":"","_et_gb_content_width":""},"categories":[4],"tags":[],"aioseo_notices":[],"_links":{"self":[{"href":"https:\/\/www.obispado-mdp.org.ar\/a\/wp-json\/wp\/v2\/posts\/45896"}],"collection":[{"href":"https:\/\/www.obispado-mdp.org.ar\/a\/wp-json\/wp\/v2\/posts"}],"about":[{"href":"https:\/\/www.obispado-mdp.org.ar\/a\/wp-json\/wp\/v2\/types\/post"}],"author":[{"embeddable":true,"href":"https:\/\/www.obispado-mdp.org.ar\/a\/wp-json\/wp\/v2\/users\/4"}],"replies":[{"embeddable":true,"href":"https:\/\/www.obispado-mdp.org.ar\/a\/wp-json\/wp\/v2\/comments?post=45896"}],"version-history":[{"count":1,"href":"https:\/\/www.obispado-mdp.org.ar\/a\/wp-json\/wp\/v2\/posts\/45896\/revisions"}],"predecessor-version":[{"id":45898,"href":"https:\/\/www.obispado-mdp.org.ar\/a\/wp-json\/wp\/v2\/posts\/45896\/revisions\/45898"}],"wp:attachment":[{"href":"https:\/\/www.obispado-mdp.org.ar\/a\/wp-json\/wp\/v2\/media?parent=45896"}],"wp:term":[{"taxonomy":"category","embeddable":true,"href":"https:\/\/www.obispado-mdp.org.ar\/a\/wp-json\/wp\/v2\/categories?post=45896"},{"taxonomy":"post_tag","embeddable":true,"href":"https:\/\/www.obispado-mdp.org.ar\/a\/wp-json\/wp\/v2\/tags?post=45896"}],"curies":[{"name":"wp","href":"https:\/\/api.w.org\/{rel}","templated":true}]}}