{"id":45900,"date":"2025-04-08T08:14:28","date_gmt":"2025-04-08T11:14:28","guid":{"rendered":"https:\/\/www.obispado-mdp.org.ar\/a\/?p=45900"},"modified":"2025-04-08T08:14:47","modified_gmt":"2025-04-08T11:14:47","slug":"jubileo-de-la-pastoral-vocacional-diocesana","status":"publish","type":"post","link":"https:\/\/www.obispado-mdp.org.ar\/a\/jubileo-de-la-pastoral-vocacional-diocesana\/","title":{"rendered":"Jubileo de la Pastoral Vocacional Diocesana"},"content":{"rendered":"\n<p>Integrantes de la Pastoral Vocacional Diocesana participaron este fin de semana de un retiro en la estancia Santa Mar\u00eda de la Armon\u00eda y concluyeron con una peregrinaci\u00f3n hacia la Iglesia Catedral, donde celebraron su jubileo en el marco de este A\u00f1o Santo.<\/p>\n\n\n\n<p>El retiro fue predicado por el padre Armando Ledesma con el lema \u201cVolver al coraz\u00f3n\u201d y en \u00e9l se intercalaron momentos de oraci\u00f3n, de fraternidad y de reflexi\u00f3n.<\/p>\n\n\n\n<p>Finalmente peregrinaron hacia la Iglesia Catedral, uno de los \u201ctemplos jubilares\u201d de la ciudad. All\u00ed participaron de la Santa Misa que presidi\u00f3 el obispo diocesano, monse\u00f1or Ernesto Giobando sj., quien afirm\u00f3 que \u201cla vocaci\u00f3n cristiana es un llamado que implica una respuesta\u201d, a la vez que destac\u00f3 que \u201cJes\u00fas llama en una comunidad cristiana en particular, en el seno de la iglesia, de una comunidad diocesana.\u201d<\/p>\n\n\n\n<p>Dirigi\u00e9ndose a los miembros de la Pastoral Vocacional los exhort\u00f3 a \u201cseguir haciendo ellos mismos comunidad y a tirar todos para el mismo lado, porque -explic\u00f3- as\u00ed es como Jes\u00fas quiere que se viva nuestra vocaci\u00f3n: en comuni\u00f3n con la Iglesia.\u201d<\/p>\n\n\n\n<figure class=\"wp-block-image size-large\"><img loading=\"lazy\" width=\"1024\" height=\"768\" src=\"https:\/\/www.obispado-mdp.org.ar\/a\/wp-content\/uploads\/2025\/04\/Para-nombramientos-WEB-5-1024x768.png\" alt=\"\" class=\"wp-image-45903\"\/><\/figure>\n\n\n\n<figure class=\"wp-block-image size-large is-resized\"><img loading=\"lazy\" src=\"https:\/\/www.obispado-mdp.org.ar\/a\/wp-content\/uploads\/2025\/04\/PHOTO-2025-04-07-18-31-39-2-806x1024.jpg\" alt=\"\" class=\"wp-image-45902\" width=\"815\" height=\"1035\"\/><\/figure>\n\n\n\n<figure class=\"wp-block-image size-large is-resized\"><img loading=\"lazy\" src=\"https:\/\/www.obispado-mdp.org.ar\/a\/wp-content\/uploads\/2025\/04\/PHOTO-2025-04-07-18-31-37-3-768x1024.jpg\" alt=\"\" class=\"wp-image-45904\" width=\"818\" height=\"1091\"\/><\/figure>\n\n\n\n<figure class=\"wp-block-image size-large is-resized\"><img loading=\"lazy\" src=\"https:\/\/www.obispado-mdp.org.ar\/a\/wp-content\/uploads\/2025\/04\/IMG_1639-768x1024.jpg\" alt=\"\" class=\"wp-image-45909\" width=\"817\" height=\"1089\"\/><\/figure>\n\n\n\n<figure class=\"wp-block-image size-large is-resized\"><img loading=\"lazy\" src=\"https:\/\/www.obispado-mdp.org.ar\/a\/wp-content\/uploads\/2025\/04\/PHOTO-2025-04-07-18-31-36-2-768x1024.jpg\" alt=\"\" class=\"wp-image-45906\" width=\"819\" height=\"1092\"\/><\/figure>\n\n\n\n<figure class=\"wp-block-image size-large\"><img loading=\"lazy\" width=\"1024\" height=\"768\" src=\"https:\/\/www.obispado-mdp.org.ar\/a\/wp-content\/uploads\/2025\/04\/IMG_1626-1024x768.jpg\" alt=\"\" class=\"wp-image-45907\"\/><\/figure>\n\n\n\n<figure class=\"wp-block-image size-large\"><img loading=\"lazy\" width=\"1024\" height=\"768\" src=\"https:\/\/www.obispado-mdp.org.ar\/a\/wp-content\/uploads\/2025\/04\/IMG_1645-1024x768.jpg\" alt=\"\" class=\"wp-image-45908\"\/><\/figure>\n","protected":false},"excerpt":{"rendered":"<p>Integrantes de la Pastoral Vocacional Diocesana participaron este fin de semana de un retiro en la estancia Santa Mar\u00eda de la Armon\u00eda y concluyeron con una peregrinaci\u00f3n hacia la Iglesia Catedral, donde celebraron su jubileo en el marco de este A\u00f1o Santo. El retiro fue predicado por el padre Armando Ledesma con el lema \u201cVolver [&hellip;]<\/p>\n","protected":false},"author":4,"featured_media":0,"comment_status":"open","ping_status":"open","sticky":false,"template":"","format":"standard","meta":{"_et_pb_use_builder":"","_et_pb_old_content":"","_et_gb_content_width":""},"categories":[4],"tags":[],"aioseo_notices":[],"_links":{"self":[{"href":"https:\/\/www.obispado-mdp.org.ar\/a\/wp-json\/wp\/v2\/posts\/45900"}],"collection":[{"href":"https:\/\/www.obispado-mdp.org.ar\/a\/wp-json\/wp\/v2\/posts"}],"about":[{"href":"https:\/\/www.obispado-mdp.org.ar\/a\/wp-json\/wp\/v2\/types\/post"}],"author":[{"embeddable":true,"href":"https:\/\/www.obispado-mdp.org.ar\/a\/wp-json\/wp\/v2\/users\/4"}],"replies":[{"embeddable":true,"href":"https:\/\/www.obispado-mdp.org.ar\/a\/wp-json\/wp\/v2\/comments?post=45900"}],"version-history":[{"count":2,"href":"https:\/\/www.obispado-mdp.org.ar\/a\/wp-json\/wp\/v2\/posts\/45900\/revisions"}],"predecessor-version":[{"id":45910,"href":"https:\/\/www.obispado-mdp.org.ar\/a\/wp-json\/wp\/v2\/posts\/45900\/revisions\/45910"}],"wp:attachment":[{"href":"https:\/\/www.obispado-mdp.org.ar\/a\/wp-json\/wp\/v2\/media?parent=45900"}],"wp:term":[{"taxonomy":"category","embeddable":true,"href":"https:\/\/www.obispado-mdp.org.ar\/a\/wp-json\/wp\/v2\/categories?post=45900"},{"taxonomy":"post_tag","embeddable":true,"href":"https:\/\/www.obispado-mdp.org.ar\/a\/wp-json\/wp\/v2\/tags?post=45900"}],"curies":[{"name":"wp","href":"https:\/\/api.w.org\/{rel}","templated":true}]}}