{"id":45911,"date":"2025-04-08T16:27:44","date_gmt":"2025-04-08T19:27:44","guid":{"rendered":"https:\/\/www.obispado-mdp.org.ar\/a\/?p=45911"},"modified":"2025-04-08T16:27:54","modified_gmt":"2025-04-08T19:27:54","slug":"se-constituyo-el-consejo-presbiteral","status":"publish","type":"post","link":"https:\/\/www.obispado-mdp.org.ar\/a\/se-constituyo-el-consejo-presbiteral\/","title":{"rendered":"Se constituy\u00f3 el consejo presbiteral"},"content":{"rendered":"\n<p>Este martes 8 de abril se reuni\u00f3 por primera vez el flamante Consejo Presbiteral constituido recientemente por decreto del obispo diocesano, monse\u00f1or Ernesto Giobando sj. Cabe destacar que dicho consejo representa al presbiterio y tiene como misi\u00f3n \u201cayudar al Obispo en el gobierno de la di\u00f3cesis conforme a la norma del derecho, para proveer lo m\u00e1s posible al bien pastoral de la porci\u00f3n del pueblo de Dios que se le ha encomendado\u201d, tal como lo establece el C\u00f3digo de Derecho Can\u00f3nico.<\/p>\n\n\n\n<p>Los integrantes del mismo son por derecho propio los vicarios (el vicario general y los vicarios judicial, de educaci\u00f3n y de asuntos econ\u00f3micos), y los sacerdotes elegidos libremente por el clero secular en representaci\u00f3n de cada uno de los siete decanatos en los que se divide la di\u00f3cesis de Mar del Plata. Tambi\u00e9n lo conforman un representante del clero religioso y algunos miembros elegidos directamente por el Obispo, que es quien lo preside.<\/p>\n\n\n\n<p>De este modo, el Consejo Presbiteral qued\u00f3 constituido de la siguiente manera por tres a\u00f1os:<\/p>\n\n\n\n<p>Pbro. Hern\u00e1n David<\/p>\n\n\n\n<p>Pbro. Lic. Fabi\u00e1n Yanes<\/p>\n\n\n\n<p>Pbro. Lic. Ariel Sueiro<\/p>\n\n\n\n<p>Pbro. Juan Cruz Mennilli<\/p>\n\n\n\n<p>Pbro. Lic. Ezequiel Kseim<\/p>\n\n\n\n<p>Pbro. Luciano Alzueta<\/p>\n\n\n\n<p>Pbro. Jos\u00e9 Luis Pu\u00f1al<\/p>\n\n\n\n<p>Pbro. Miguel Cacciutto<\/p>\n\n\n\n<p>Pbro. Pablo Bosisio<\/p>\n\n\n\n<p>Pbro. Lic. Pablo Etchepareborda<\/p>\n\n\n\n<p>Pbro. Lic. Marcelo Panebianco<\/p>\n\n\n\n<p>Pbro. Daniel Climente<\/p>\n\n\n\n<p>Pbro. Lucas Di Leva<\/p>\n\n\n\n<p>R. P. Patricio Pamo o.a.r.<\/p>\n\n\n\n<p>R. P. Hugo Camino f.d.p.<\/p>\n\n\n\n<p>La informaci\u00f3n fue dada a conocer con fecha 4 de abril de 2025 por parte de la Canciller\u00eda del Obispado.<\/p>\n\n\n\n<figure class=\"wp-block-image size-large\"><img loading=\"lazy\" width=\"1024\" height=\"768\" src=\"https:\/\/www.obispado-mdp.org.ar\/a\/wp-content\/uploads\/2025\/04\/IMG_2593-1024x768.jpg\" alt=\"\" class=\"wp-image-45918\"\/><\/figure>\n","protected":false},"excerpt":{"rendered":"<p>Este martes 8 de abril se reuni\u00f3 por primera vez el flamante Consejo Presbiteral constituido recientemente por decreto del obispo diocesano, monse\u00f1or Ernesto Giobando sj. Cabe destacar que dicho consejo representa al presbiterio y tiene como misi\u00f3n \u201cayudar al Obispo en el gobierno de la di\u00f3cesis conforme a la norma del derecho, para proveer lo [&hellip;]<\/p>\n","protected":false},"author":4,"featured_media":0,"comment_status":"open","ping_status":"open","sticky":false,"template":"","format":"standard","meta":{"_et_pb_use_builder":"","_et_pb_old_content":"","_et_gb_content_width":""},"categories":[4],"tags":[],"aioseo_notices":[],"_links":{"self":[{"href":"https:\/\/www.obispado-mdp.org.ar\/a\/wp-json\/wp\/v2\/posts\/45911"}],"collection":[{"href":"https:\/\/www.obispado-mdp.org.ar\/a\/wp-json\/wp\/v2\/posts"}],"about":[{"href":"https:\/\/www.obispado-mdp.org.ar\/a\/wp-json\/wp\/v2\/types\/post"}],"author":[{"embeddable":true,"href":"https:\/\/www.obispado-mdp.org.ar\/a\/wp-json\/wp\/v2\/users\/4"}],"replies":[{"embeddable":true,"href":"https:\/\/www.obispado-mdp.org.ar\/a\/wp-json\/wp\/v2\/comments?post=45911"}],"version-history":[{"count":4,"href":"https:\/\/www.obispado-mdp.org.ar\/a\/wp-json\/wp\/v2\/posts\/45911\/revisions"}],"predecessor-version":[{"id":45920,"href":"https:\/\/www.obispado-mdp.org.ar\/a\/wp-json\/wp\/v2\/posts\/45911\/revisions\/45920"}],"wp:attachment":[{"href":"https:\/\/www.obispado-mdp.org.ar\/a\/wp-json\/wp\/v2\/media?parent=45911"}],"wp:term":[{"taxonomy":"category","embeddable":true,"href":"https:\/\/www.obispado-mdp.org.ar\/a\/wp-json\/wp\/v2\/categories?post=45911"},{"taxonomy":"post_tag","embeddable":true,"href":"https:\/\/www.obispado-mdp.org.ar\/a\/wp-json\/wp\/v2\/tags?post=45911"}],"curies":[{"name":"wp","href":"https:\/\/api.w.org\/{rel}","templated":true}]}}