{"id":45941,"date":"2025-04-17T18:08:00","date_gmt":"2025-04-17T21:08:00","guid":{"rendered":"https:\/\/www.obispado-mdp.org.ar\/a\/?p=45941"},"modified":"2025-04-18T18:10:21","modified_gmt":"2025-04-18T21:10:21","slug":"semana-santa-en-el-penal-de-batan-junto-al-obispo","status":"publish","type":"post","link":"https:\/\/www.obispado-mdp.org.ar\/a\/semana-santa-en-el-penal-de-batan-junto-al-obispo\/","title":{"rendered":"Semana Santa en el Penal de Bat\u00e1n junto al Obispo"},"content":{"rendered":"\n<p>En el marco de la Semana Santa, la Pastoral Carcelaria organiz\u00f3 diversas celebraciones en las unidades penales que acompa\u00f1an, destac\u00e1ndose las celebraciones que presidi\u00f3 el obispo diocesano, monse\u00f1or Ernesto Giobando sj. tanto en la Alcaid\u00eda 44 como en la Unidad Penal 50, del Complejo Penitenciario de Bat\u00e1n.<\/p>\n\n\n\n<p>Acompa\u00f1ado por los capellanes y por miembros de esa pastoral, el Obispo mantuvo un encuentro con las personas privadas de su libertad en el que comparti\u00f3 el mensaje de esperanza que brota del misterio pascual del Se\u00f1or.<\/p>\n\n\n\n<p>En la Misa que tuvo lugar en la UP 44, monse\u00f1or Giobando resumi\u00f3 los gestos propios de las celebraciones de la Semana Santa, destac\u00e1ndose el lavatorio de los pies, a la vez que 8 internos de esa unidad recibieron el sacramento de la Confirmaci\u00f3n.<\/p>\n\n\n\n<p>Del encuentro participaron el director de la Alcaid\u00eda, Edgardo Flores, y el subdirector de Asistencia y Tratamiento, Germ\u00e1n Rodr\u00edguez, quienes destacaron \u201cla importancia de este tipo de actividades dentro del abordaje integral que se impulsa en el establecimiento, promoviendo tambi\u00e9n el acompa\u00f1amiento espiritual como herramienta de transformaci\u00f3n\u201d tal como consign\u00f3 el propio Servicio Penitenciario Bonaerense.<\/p>\n\n\n\n<p>Como cierre de su visita, el Obispo recibi\u00f3 estolas confeccionadas por las personas privadas de la libertad, las cuales fueron entregadas a los sacerdotes de la di\u00f3cesis en la Misa Crismal.<\/p>\n\n\n\n<figure class=\"wp-block-image size-large\"><img loading=\"lazy\" width=\"1024\" height=\"576\" src=\"https:\/\/www.obispado-mdp.org.ar\/a\/wp-content\/uploads\/2025\/04\/PHOTO-2025-04-15-16-28-05-1024x576.jpg\" alt=\"\" class=\"wp-image-45943\"\/><\/figure>\n\n\n\n<figure class=\"wp-block-image size-large\"><img loading=\"lazy\" width=\"1024\" height=\"768\" src=\"https:\/\/www.obispado-mdp.org.ar\/a\/wp-content\/uploads\/2025\/04\/Para-nombramientos-WEB-5-1-1024x768.png\" alt=\"\" class=\"wp-image-45946\"\/><\/figure>\n\n\n\n<figure class=\"wp-block-image size-large\"><img loading=\"lazy\" width=\"1024\" height=\"460\" src=\"https:\/\/www.obispado-mdp.org.ar\/a\/wp-content\/uploads\/2025\/04\/PHOTO-2025-04-15-17-56-27-1024x460.jpg\" alt=\"\" class=\"wp-image-45947\"\/><\/figure>\n\n\n\n<figure class=\"wp-block-image size-large\"><img loading=\"lazy\" width=\"1024\" height=\"768\" src=\"https:\/\/www.obispado-mdp.org.ar\/a\/wp-content\/uploads\/2025\/04\/Para-nombramientos-WEB-6-1024x768.png\" alt=\"\" class=\"wp-image-45948\"\/><\/figure>\n\n\n\n<figure class=\"wp-block-image size-large\"><img loading=\"lazy\" width=\"1024\" height=\"576\" src=\"https:\/\/www.obispado-mdp.org.ar\/a\/wp-content\/uploads\/2025\/04\/PHOTO-2025-04-15-16-26-37-1024x576.jpg\" alt=\"\" class=\"wp-image-45949\"\/><\/figure>\n","protected":false},"excerpt":{"rendered":"<p>En el marco de la Semana Santa, la Pastoral Carcelaria organiz\u00f3 diversas celebraciones en las unidades penales que acompa\u00f1an, destac\u00e1ndose las celebraciones que presidi\u00f3 el obispo diocesano, monse\u00f1or Ernesto Giobando sj. tanto en la Alcaid\u00eda 44 como en la Unidad Penal 50, del Complejo Penitenciario de Bat\u00e1n. Acompa\u00f1ado por los capellanes y por miembros de [&hellip;]<\/p>\n","protected":false},"author":4,"featured_media":0,"comment_status":"open","ping_status":"open","sticky":false,"template":"","format":"standard","meta":{"_et_pb_use_builder":"","_et_pb_old_content":"","_et_gb_content_width":""},"categories":[4],"tags":[],"aioseo_notices":[],"_links":{"self":[{"href":"https:\/\/www.obispado-mdp.org.ar\/a\/wp-json\/wp\/v2\/posts\/45941"}],"collection":[{"href":"https:\/\/www.obispado-mdp.org.ar\/a\/wp-json\/wp\/v2\/posts"}],"about":[{"href":"https:\/\/www.obispado-mdp.org.ar\/a\/wp-json\/wp\/v2\/types\/post"}],"author":[{"embeddable":true,"href":"https:\/\/www.obispado-mdp.org.ar\/a\/wp-json\/wp\/v2\/users\/4"}],"replies":[{"embeddable":true,"href":"https:\/\/www.obispado-mdp.org.ar\/a\/wp-json\/wp\/v2\/comments?post=45941"}],"version-history":[{"count":2,"href":"https:\/\/www.obispado-mdp.org.ar\/a\/wp-json\/wp\/v2\/posts\/45941\/revisions"}],"predecessor-version":[{"id":45990,"href":"https:\/\/www.obispado-mdp.org.ar\/a\/wp-json\/wp\/v2\/posts\/45941\/revisions\/45990"}],"wp:attachment":[{"href":"https:\/\/www.obispado-mdp.org.ar\/a\/wp-json\/wp\/v2\/media?parent=45941"}],"wp:term":[{"taxonomy":"category","embeddable":true,"href":"https:\/\/www.obispado-mdp.org.ar\/a\/wp-json\/wp\/v2\/categories?post=45941"},{"taxonomy":"post_tag","embeddable":true,"href":"https:\/\/www.obispado-mdp.org.ar\/a\/wp-json\/wp\/v2\/tags?post=45941"}],"curies":[{"name":"wp","href":"https:\/\/api.w.org\/{rel}","templated":true}]}}