{"id":45994,"date":"2025-04-21T22:37:39","date_gmt":"2025-04-22T01:37:39","guid":{"rendered":"https:\/\/www.obispado-mdp.org.ar\/a\/?p=45994"},"modified":"2025-04-22T10:30:32","modified_gmt":"2025-04-22T13:30:32","slug":"con-gran-fervor-una-multitud-rezo-por-el-eterno-descanso-del-papa-en-la-iglesia-catedral","status":"publish","type":"post","link":"https:\/\/www.obispado-mdp.org.ar\/a\/con-gran-fervor-una-multitud-rezo-por-el-eterno-descanso-del-papa-en-la-iglesia-catedral\/","title":{"rendered":"<strong>Con gran fervor, una multitud rez\u00f3 por el eterno descanso del Papa en la Iglesia Catedral<\/strong>"},"content":{"rendered":"\n<p>Miles fieles se congregaron en horas de la tarde del lunes en la Iglesia Catedral de Mar del Plata para elevar una oraci\u00f3n por el eterno descanso del Papa Francisco. Previamente varios j\u00f3venes participaron de una iniciativa del Movimiento Juvenil Diocesano, que los convoc\u00f3 para recordar los tantos mensajes que Francisco dirigi\u00f3 hacia ellos y destacar aquellas que m\u00e1s los impactaron, las cuales leyeron en un momento de la Misa.<\/p>\n\n\n\n<p>La celebraci\u00f3n estuvo a cargo del obispo diocesano, monse\u00f1or Ernesto Giobando sj., quien comenz\u00f3 su reflexi\u00f3n destacando que \u201cel Evangelio que se proclama hoy es precisamente el de la alegr\u00eda, y eso pedimos en este d\u00eda: que resuene en nuestro coraz\u00f3n esa alegr\u00eda del Se\u00f1or resucitado, que no es una alegr\u00eda transitoria sino m\u00e1s profunda\u201d y asever\u00f3 que \u201cel Papa Francisco no solo que en su primer documento nos habla de la alegr\u00eda del Evangelio, sino que su vida fue como un testamento de esa alegr\u00eda que transforma nuestras vidas y que brota del encuentro con Jes\u00fas.\u201d<\/p>\n\n\n\n<p>El prelado, cuyo v\u00ednculo con Francisco se remonta a 50 a\u00f1os atr\u00e1s cuando se present\u00f3 para incorporarse a la Compa\u00f1\u00eda de Jes\u00fas ante el entonces padre Bergoglio, afirm\u00f3 que \u201cFrancisco siempre ha sido Francisco, siempre igual a s\u00ed mismo desde que lo conoc\u00ed hasta hoy que muri\u00f3\u201d y asever\u00f3 que \u201choy toca despedir al Papa, que fue tambi\u00e9n un hermano y un amigo.\u201d<\/p>\n\n\n\n<p>Vinculando las lecturas b\u00edblicas que se proclamaron con la vida del Santo Padre, destac\u00f3 que \u201csi uno es fiel al Evangelio siempre vamos a estar complicados, y esto lo vivi\u00f3 Francisco durante su vida por querer defender a los que Jes\u00fas defiende, que son los m\u00e1s pobres entre los pobres\u201d y agreg\u00f3 que \u201cprecisamente la primera de las bienaventuranzas nos llama a vivir la pobreza de coraz\u00f3n, que implica ser desprendidos, ser generosos, ser humildes.\u201d<\/p>\n\n\n\n<p>\u201cFrancisco ha dado voz a los \u00faltimos de la tierra y esto sabemos que pudo haberle generado a muchos poderosos cierta provocaci\u00f3n o incluso desprecio. Pero eso lejos de ser \u2018pobrismo\u2019 como tantas veces escuchamos decir, es dar dignidad a los excluidos, es Evangelio puro\u201d, afirm\u00f3.<\/p>\n\n\n\n<p>Finalmente, record\u00f3 que \u201cFrancisco al ser elegido Papa cuando sali\u00f3 en el balc\u00f3n de la Bas\u00edlica Vaticana aquella primera vez pidi\u00f3 al pueblo de Roma y del mundo all\u00ed presente que lo bendiga, y ayer en la bendici\u00f3n de Pascua, \u00e9l nos dej\u00f3 su bendici\u00f3n, que fue su \u00faltimo gesto: una bendici\u00f3n de padre con su mano d\u00e9bil, que guardaremos en nuestro coraz\u00f3n.\u201d<\/p>\n\n\n\n<figure class=\"wp-block-image size-large\"><img loading=\"lazy\" width=\"1024\" height=\"682\" src=\"https:\/\/www.obispado-mdp.org.ar\/a\/wp-content\/uploads\/2025\/04\/PHOTO-2025-04-22-08-24-43-1024x682.jpg\" alt=\"\" class=\"wp-image-46009\"\/><\/figure>\n\n\n\n<figure class=\"wp-block-image size-large\"><img loading=\"lazy\" width=\"1024\" height=\"768\" src=\"https:\/\/www.obispado-mdp.org.ar\/a\/wp-content\/uploads\/2025\/04\/Para-nombramientos-WEB-5-6-1024x768.png\" alt=\"\" class=\"wp-image-46005\"\/><\/figure>\n\n\n\n<figure class=\"wp-block-image size-full is-resized\"><img loading=\"lazy\" src=\"https:\/\/www.obispado-mdp.org.ar\/a\/wp-content\/uploads\/2025\/04\/IMG_2330.jpg\" alt=\"\" class=\"wp-image-45995\" width=\"823\" height=\"617\"\/><\/figure>\n\n\n\n<figure class=\"wp-block-image size-full is-resized\"><img loading=\"lazy\" src=\"https:\/\/www.obispado-mdp.org.ar\/a\/wp-content\/uploads\/2025\/04\/IMG_2362.jpg\" alt=\"\" class=\"wp-image-45998\" width=\"822\" height=\"617\"\/><\/figure>\n\n\n\n<figure class=\"wp-block-image size-full is-resized\"><img loading=\"lazy\" src=\"https:\/\/www.obispado-mdp.org.ar\/a\/wp-content\/uploads\/2025\/04\/IMG_2334.jpg\" alt=\"\" class=\"wp-image-45997\" width=\"822\" height=\"617\"\/><\/figure>\n\n\n\n<figure class=\"wp-block-image size-full is-resized\"><img loading=\"lazy\" src=\"https:\/\/www.obispado-mdp.org.ar\/a\/wp-content\/uploads\/2025\/04\/IMG_2350.jpg\" alt=\"\" class=\"wp-image-45996\" width=\"819\" height=\"614\"\/><\/figure>\n\n\n\n<figure class=\"wp-block-image size-full is-resized\"><img loading=\"lazy\" src=\"https:\/\/www.obispado-mdp.org.ar\/a\/wp-content\/uploads\/2025\/04\/IMG_2380.jpg\" alt=\"\" class=\"wp-image-46000\" width=\"817\" height=\"613\"\/><\/figure>\n\n\n\n<figure class=\"wp-block-image size-full is-resized\"><img loading=\"lazy\" src=\"https:\/\/www.obispado-mdp.org.ar\/a\/wp-content\/uploads\/2025\/04\/IMG_2415.jpg\" alt=\"\" class=\"wp-image-46001\" width=\"819\" height=\"1092\"\/><\/figure>\n\n\n\n<figure class=\"wp-block-image size-large\"><img loading=\"lazy\" width=\"1024\" height=\"682\" src=\"https:\/\/www.obispado-mdp.org.ar\/a\/wp-content\/uploads\/2025\/04\/PHOTO-2025-04-22-08-24-43-3-1024x682.jpg\" alt=\"\" class=\"wp-image-46007\"\/><\/figure>\n\n\n\n<figure class=\"wp-block-image size-large\"><img loading=\"lazy\" width=\"1024\" height=\"682\" src=\"https:\/\/www.obispado-mdp.org.ar\/a\/wp-content\/uploads\/2025\/04\/PHOTO-2025-04-22-08-24-43-2-1024x682.jpg\" alt=\"\" class=\"wp-image-46008\"\/><\/figure>\n\n\n\n<figure class=\"wp-block-image size-large is-resized\"><img loading=\"lazy\" src=\"https:\/\/www.obispado-mdp.org.ar\/a\/wp-content\/uploads\/2025\/04\/PHOTO-2025-04-22-08-24-43-1-682x1024.jpg\" alt=\"\" class=\"wp-image-46011\" width=\"818\" height=\"1228\"\/><\/figure>\n","protected":false},"excerpt":{"rendered":"<p>Miles fieles se congregaron en horas de la tarde del lunes en la Iglesia Catedral de Mar del Plata para elevar una oraci\u00f3n por el eterno descanso del Papa Francisco. Previamente varios j\u00f3venes participaron de una iniciativa del Movimiento Juvenil Diocesano, que los convoc\u00f3 para recordar los tantos mensajes que Francisco dirigi\u00f3 hacia ellos y [&hellip;]<\/p>\n","protected":false},"author":4,"featured_media":0,"comment_status":"open","ping_status":"open","sticky":false,"template":"","format":"standard","meta":{"_et_pb_use_builder":"","_et_pb_old_content":"","_et_gb_content_width":""},"categories":[4],"tags":[],"aioseo_notices":[],"_links":{"self":[{"href":"https:\/\/www.obispado-mdp.org.ar\/a\/wp-json\/wp\/v2\/posts\/45994"}],"collection":[{"href":"https:\/\/www.obispado-mdp.org.ar\/a\/wp-json\/wp\/v2\/posts"}],"about":[{"href":"https:\/\/www.obispado-mdp.org.ar\/a\/wp-json\/wp\/v2\/types\/post"}],"author":[{"embeddable":true,"href":"https:\/\/www.obispado-mdp.org.ar\/a\/wp-json\/wp\/v2\/users\/4"}],"replies":[{"embeddable":true,"href":"https:\/\/www.obispado-mdp.org.ar\/a\/wp-json\/wp\/v2\/comments?post=45994"}],"version-history":[{"count":3,"href":"https:\/\/www.obispado-mdp.org.ar\/a\/wp-json\/wp\/v2\/posts\/45994\/revisions"}],"predecessor-version":[{"id":46012,"href":"https:\/\/www.obispado-mdp.org.ar\/a\/wp-json\/wp\/v2\/posts\/45994\/revisions\/46012"}],"wp:attachment":[{"href":"https:\/\/www.obispado-mdp.org.ar\/a\/wp-json\/wp\/v2\/media?parent=45994"}],"wp:term":[{"taxonomy":"category","embeddable":true,"href":"https:\/\/www.obispado-mdp.org.ar\/a\/wp-json\/wp\/v2\/categories?post=45994"},{"taxonomy":"post_tag","embeddable":true,"href":"https:\/\/www.obispado-mdp.org.ar\/a\/wp-json\/wp\/v2\/tags?post=45994"}],"curies":[{"name":"wp","href":"https:\/\/api.w.org\/{rel}","templated":true}]}}