{"id":46016,"date":"2025-04-24T21:28:45","date_gmt":"2025-04-25T00:28:45","guid":{"rendered":"https:\/\/www.obispado-mdp.org.ar\/a\/?p=46016"},"modified":"2025-04-24T21:28:46","modified_gmt":"2025-04-25T00:28:46","slug":"testimonio-y-mensaje-de-la-misionera-de-nuestra-diocesis-veronica-rubi-de-la-celebracion-de-semana-santa-en-la-amazonia","status":"publish","type":"post","link":"https:\/\/www.obispado-mdp.org.ar\/a\/testimonio-y-mensaje-de-la-misionera-de-nuestra-diocesis-veronica-rubi-de-la-celebracion-de-semana-santa-en-la-amazonia\/","title":{"rendered":"Testimonio y mensaje de la misionera de nuestra di\u00f3cesis Ver\u00f3nica Rub\u00ed de la celebraci\u00f3n de Semana Santa en la Amazonia"},"content":{"rendered":"\n<p>A trav\u00e9s de una carta enviada a nuestra di\u00f3cesis, Ver\u00f3nica Rub\u00ed, misionera laica de Mar del Plata en el Vicariato San Jos\u00e9 del Amazonas (Per\u00fa), nos cuenta su testimonio de la celebraci\u00f3n de la Pascua en su lugar de misi\u00f3n. Cabe recordar que Ver\u00f3nica recibi\u00f3 este verano por parte del obispo, monse\u00f1or Ernesto Giobando sj., el env\u00edo misionero para su segundo a\u00f1o en este destino, tras nueve a\u00f1os en la cercana di\u00f3cesis de Alto Solimoes (Brasil) y una anterior experiencia en Mozambique.<\/p>\n\n\n\n<p>En su relato, comienza describiendo el contexto y explicando que \u201cel Vicariato San Jos\u00e9 del Amazonas tiene 155.000 km2 de extensi\u00f3n\u201d y que \u201chabitan este territorio m\u00e1s de 650 Comunidades, urbanas y rurales, ribere\u00f1as casi todas ellas, muchas de ellas ind\u00edgenas.\u201d \u201cSomos algo m\u00e1s de 60 misioneros de 13 nacionalidades diferentes; entre ellos, 12 son sacerdotes (5 nativos y 7 extranjeros). Las distancias entre una y otra Comunidad, repartidas en 14 puestos de misi\u00f3n, son importantes y hay varias horas de navegaci\u00f3n entre una y otra\u201d, destac\u00f3.<\/p>\n\n\n\n<p>Respecto de la celebraci\u00f3n de Semana Santa, relat\u00f3 que junto a \u201cJuancho\u201d, del Equipo Misionero de Caballococha, \u201cfuimos enviados a Chimbote, una Comunidad de unos 700 habitantes, situada a 3 horas (promedio) de navegaci\u00f3n de nuestro Puesto de Misi\u00f3n.\u201d \u201cNuestra intenci\u00f3n fue compartir la vida y la celebraci\u00f3n de la Semana Santa con nuestras hermanos y hermanas de Chimbote y Nuevo Para\u00edso (otra comunidad cercana)\u201d, agreg\u00f3, y continu\u00f3 \u201cdos hermanas religiosas de nuestro equipo misionero, Rosario y Marisol, fueron a otras dos comunidades, mientras que uno de los sacerdotes, Mat\u00edas, viaj\u00f3 a otro puesto de Misi\u00f3n, Angoteros, y los otros tres miembros del equipo misionero, Hna. Berta, Derian y P. Ram\u00f3n quedaron en la sede parroquial, de modo que los 8 miembros del equipo compartimos estos d\u00edas con seis Comunidades Eclesiales.\u201d<\/p>\n\n\n\n<p><em>Transcribimos a continuaci\u00f3n, su mensaje a nuestra di\u00f3cesis de Mar del Plata<\/em><\/p>\n\n\n\n<p><strong>\u201cCelebrar la Vida Resucitada junto al R\u00edo que nos da vida\u201d<\/strong><\/p>\n\n\n\n<p>Llegamos a Chimbote en un ponguero (peque\u00f1o bote) tras cuatro horas de navegaci\u00f3n, el mi\u00e9rcoles por la tarde. Fuimos acogidos con mucha cordialidad en la casa abierta y sencilla de don Leunardo, un viejito de 90 a\u00f1os. Un verdadero santito en vida de estas tierras: hombre tierno, alegre, de fe profunda y sencilla. Por las dificultades de la comunicaci\u00f3n y la red de Internet, no hab\u00edamos podido anunciar nuestra llegada, sin embargo, tanto \u00e9l como su hijo, su nuera Patricia, y sus nietos, nos abrieron las puertas de su casa y nos permitieron compartir la vida. Una casa simple, de madera, como la mayor\u00eda en esta regi\u00f3n, construida en alto para sortear el avance del r\u00edo en tiempos de inundaci\u00f3n.<\/p>\n\n\n\n<p>En esta Comunidad, como en casi todas, hay algunas personas que animan la vida de fe. En este caso, Sergio, Francisco y Hernan. Hombres oriundos del lugar, que con generosidad y con los recursos disponibles buscan congregar a los cat\u00f3licos del lugar, animar celebraciones cada domingo, y organizar otras actividades de la Iglesia. Se rotan para animar distintas partes de las celebraciones, dando un sabor colectivo bello y espont\u00e1neo al encuentro de fe. Es dif\u00edcil describir tanto las dificultades como los inmensos regalos de vida y amor que se viven en las comunidades del r\u00edo. Hay pobreza, ciertamente, y tambi\u00e9n hay solidaridad, alegr\u00eda y ternura.<\/p>\n\n\n\n<p>Compartimos la celebraci\u00f3n del Jueves y Viernes Santo, y un bonito momento de reflexi\u00f3n el s\u00e1bado en torno a las 7 palabras de Jes\u00fas en la Cruz el s\u00e1bado. La concurrencia fue variando, pero en todo momento disfrutamos de la fe sencilla, profunda y anclada en lo cotidiano. El viernes a la tarde compartimos un lindo espacio de catequesis con m\u00e1s de 20 ni\u00f1os y ni\u00f1as, que llenaron la peque\u00f1a capilla con su alegr\u00eda y su ternura. El jueves por la noche, gracias a la generosidad (y valent\u00eda) de Sergio, fuimos en su canoa hasta Nuevo Para\u00edso, y all\u00ed pudimos tambi\u00e9n estar presentes en su Celebraci\u00f3n.<\/p>\n\n\n\n<p>Compartimos en estos d\u00edas la sencillez de nuestra presencia misionera, y el aporte de la guitarra y la m\u00fasica. Tambi\u00e9n el regalo inmenso de llevar la Eucarist\u00eda. Les propusimos, con cari\u00f1o y respeto, que dos mujeres de la Comunidad puedan a futuro encargarse de dar catequesis a los ni\u00f1os.<\/p>\n\n\n\n<p>El s\u00e1bado no pas\u00f3 la lancha que esper\u00e1bamos, lo cual nos permiti\u00f3 quedarnos un d\u00eda m\u00e1s de lo previsto y vivir entonces una hermosa Fiesta de Resurrecci\u00f3n el domingo, adem\u00e1s de visitar algunas casas para orar con su vida y sus intenciones.<\/p>\n\n\n\n<p>En nuestros corazones resuena la gratitud de lo vivido y compartido. La vida junto al r\u00edo es humilde, fr\u00e1gil y potente a la vez. La gente se expresa con afecto y cordialidad. Hay recuerdo de viajes y visitas de misioneros, pero lo m\u00e1s valioso e importante son las Comunidades Locales que, con escas\u00edsimos elementos, con mucha generosidad y amor, viven, testimonian y cultivan su fe en Dios <em>Papito Lindo, que siempre nos llena de sus regalos <\/em>(como dice don Leunardo).<\/p>\n\n\n\n<p>\u00a1Feliz Pascua de Resurrecci\u00f3n!<\/p>\n\n\n\n<p><em>Ver\u00f3nica y Juancho<\/em><\/p>\n\n\n\n<figure class=\"wp-block-image size-large is-resized\"><img loading=\"lazy\" src=\"https:\/\/www.obispado-mdp.org.ar\/a\/wp-content\/uploads\/2025\/04\/PHOTO-2025-04-24-13-30-34-768x1024.jpg\" alt=\"\" class=\"wp-image-46017\" width=\"818\" height=\"1091\"\/><\/figure>\n\n\n\n<figure class=\"wp-block-image size-large\"><img loading=\"lazy\" width=\"1024\" height=\"768\" src=\"https:\/\/www.obispado-mdp.org.ar\/a\/wp-content\/uploads\/2025\/04\/PHOTO-2025-04-24-13-30-35-1-1024x768.jpg\" alt=\"\" class=\"wp-image-46018\"\/><\/figure>\n\n\n\n<figure class=\"wp-block-image size-large\"><img loading=\"lazy\" width=\"1024\" height=\"768\" src=\"https:\/\/www.obispado-mdp.org.ar\/a\/wp-content\/uploads\/2025\/04\/PHOTO-2025-04-24-13-30-35-1024x768.jpg\" alt=\"\" class=\"wp-image-46019\"\/><\/figure>\n\n\n\n<figure class=\"wp-block-image size-large\"><img loading=\"lazy\" width=\"1024\" height=\"768\" src=\"https:\/\/www.obispado-mdp.org.ar\/a\/wp-content\/uploads\/2025\/04\/PHOTO-2025-04-24-13-30-34-2-1024x768.jpg\" alt=\"\" class=\"wp-image-46020\"\/><\/figure>\n\n\n\n<figure class=\"wp-block-image size-large\"><img loading=\"lazy\" width=\"1024\" height=\"768\" src=\"https:\/\/www.obispado-mdp.org.ar\/a\/wp-content\/uploads\/2025\/04\/PHOTO-2025-04-24-13-30-36-1024x768.jpg\" alt=\"\" class=\"wp-image-46021\"\/><\/figure>\n","protected":false},"excerpt":{"rendered":"<p>A trav\u00e9s de una carta enviada a nuestra di\u00f3cesis, Ver\u00f3nica Rub\u00ed, misionera laica de Mar del Plata en el Vicariato San Jos\u00e9 del Amazonas (Per\u00fa), nos cuenta su testimonio de la celebraci\u00f3n de la Pascua en su lugar de misi\u00f3n. Cabe recordar que Ver\u00f3nica recibi\u00f3 este verano por parte del obispo, monse\u00f1or Ernesto Giobando sj., [&hellip;]<\/p>\n","protected":false},"author":4,"featured_media":0,"comment_status":"open","ping_status":"open","sticky":false,"template":"","format":"standard","meta":{"_et_pb_use_builder":"","_et_pb_old_content":"","_et_gb_content_width":""},"categories":[4],"tags":[],"aioseo_notices":[],"_links":{"self":[{"href":"https:\/\/www.obispado-mdp.org.ar\/a\/wp-json\/wp\/v2\/posts\/46016"}],"collection":[{"href":"https:\/\/www.obispado-mdp.org.ar\/a\/wp-json\/wp\/v2\/posts"}],"about":[{"href":"https:\/\/www.obispado-mdp.org.ar\/a\/wp-json\/wp\/v2\/types\/post"}],"author":[{"embeddable":true,"href":"https:\/\/www.obispado-mdp.org.ar\/a\/wp-json\/wp\/v2\/users\/4"}],"replies":[{"embeddable":true,"href":"https:\/\/www.obispado-mdp.org.ar\/a\/wp-json\/wp\/v2\/comments?post=46016"}],"version-history":[{"count":1,"href":"https:\/\/www.obispado-mdp.org.ar\/a\/wp-json\/wp\/v2\/posts\/46016\/revisions"}],"predecessor-version":[{"id":46022,"href":"https:\/\/www.obispado-mdp.org.ar\/a\/wp-json\/wp\/v2\/posts\/46016\/revisions\/46022"}],"wp:attachment":[{"href":"https:\/\/www.obispado-mdp.org.ar\/a\/wp-json\/wp\/v2\/media?parent=46016"}],"wp:term":[{"taxonomy":"category","embeddable":true,"href":"https:\/\/www.obispado-mdp.org.ar\/a\/wp-json\/wp\/v2\/categories?post=46016"},{"taxonomy":"post_tag","embeddable":true,"href":"https:\/\/www.obispado-mdp.org.ar\/a\/wp-json\/wp\/v2\/tags?post=46016"}],"curies":[{"name":"wp","href":"https:\/\/api.w.org\/{rel}","templated":true}]}}