{"id":46023,"date":"2025-04-25T11:57:35","date_gmt":"2025-04-25T14:57:35","guid":{"rendered":"https:\/\/www.obispado-mdp.org.ar\/a\/?p=46023"},"modified":"2025-04-25T12:00:33","modified_gmt":"2025-04-25T15:00:33","slug":"mensaje-de-monsenor-giobando-en-la-sesion-publica-especial-en-el-hcd-de-gral-pueyrredon-en-homenaje-al-papa-francisco","status":"publish","type":"post","link":"https:\/\/www.obispado-mdp.org.ar\/a\/mensaje-de-monsenor-giobando-en-la-sesion-publica-especial-en-el-hcd-de-gral-pueyrredon-en-homenaje-al-papa-francisco\/","title":{"rendered":"Mensaje de monse\u00f1or Giobando en la Sesi\u00f3n P\u00fablica Especial en el HCD de Gral. Pueyrredon en homenaje al Papa Francisco"},"content":{"rendered":"\n<p>Francisco nos dej\u00f3 un legado que contiene frases y gestos simb\u00f3licos. Quisiera compartir con ustedes algunas de esas frases y gestos que nos ayudar\u00e1n a comprender mejor la dimensi\u00f3n de su vida. Cuando una persona muere o queda en el olvido al poco tiempo o se agiganta su figura a medida que tomamos conciencia de su incidencia en la sociedad y en los corazones.<\/p>\n\n\n\n<p>Francisco es un creyente de la Iglesia cat\u00f3lica, ha recibido los sacramentos y trat\u00f3 de ser fiel a su vocaci\u00f3n de jesuita, sacerdote, arzobispo y Papa. Una caracter\u00edstica de su vida es la coherencia y nadie podr\u00e1 decir que se acomod\u00f3 a las circunstancias para sacar una ventaja coyuntural. Para Francisco su vida y misi\u00f3n ha sido vivir el Evangelio de Jes\u00fas hasta las \u00faltimas consecuencias. Sin esta perspectiva no es posible entender la vida y el mensaje de Francisco.<\/p>\n\n\n\n<p>Esa coherencia lo llev\u00f3 a que lo elogien y lo critiquen. \u00bfRecuerdan? Antes de ser elegido como Papa se le puso mucha gente y opini\u00f3n en contra. Despu\u00e9s de elegido, como suele ocurrir, llegaron los viajes y las fotos y el aprovechamiento de su lugar y de su cargo. Muchos quer\u00edan ir al Vaticano, que era donde viv\u00eda y trabajaba, pero su vida y su coraz\u00f3n estaban en el Evangelio, en las calles, entre la gente y los pobres.<\/p>\n\n\n\n<p>Despu\u00e9s de un tiempo comenz\u00f3 un \u201cninguneo\u201d de su figura y de su mensaje, ubic\u00e1ndolo de un lado de la grieta que nos divide y que deja tantos problemas de la gente com\u00fan y sencilla sin resolver.<\/p>\n\n\n\n<p>Y Francisco recibi\u00f3 a todos, perdon\u00f3 a todos con gestos y palabras. No s\u00f3lo de este fin del mundo, sino a todos los l\u00edderes pol\u00edticos y religiosos, realmente \u201cjug\u00f3 en una liga mayor\u201d. E invit\u00f3 a jugar en esa liga a los excluidos, a los discriminados por su condici\u00f3n sexual, a los marginados que est\u00e1n tirados al borde del camino, a los inmigrantes y desplazados, a los enfermos, a los presos, en el equipo de Francisco, que es el equipo de la Iglesia que so\u00f1\u00f3 y a la cual entreg\u00f3 su vida hasta el \u00faltimo segundo, est\u00e1n invitados \u201c<em>todos, todos, todos<\/em>\u201d (Jornada Mundial de J\u00f3venes, Lisboa 2023).<\/p>\n\n\n\n<p>Algunas frases simb\u00f3licas que se pueden aplicar a aquellos que en distintos \u00e1mbitos de la vida queremos vivirla como una vocaci\u00f3n de servicio y entrega:<\/p>\n\n\n\n<p class=\"has-black-color has-text-color\"><strong>La alegr\u00eda del Evangelio<\/strong><strong><\/strong><\/p>\n\n\n\n<p>\u201c1.La alegr\u00eda del evangelio \u00a0llena el coraz\u00f3n y la vida entera de los que se encuentran con Jes\u00fas. Quienes se dejan salvar por \u00c9l son liberados del pecado, de la tristeza, del vac\u00edo interior, del aislamiento. Con Jesucristo siempre nace y renace la alegr\u00eda. En esta Exhortaci\u00f3n quiero dirigirme a los fieles cristianos para invitarlos a una nueva etapa evangelizadora marcada por esa alegr\u00eda, e indicar caminos para la marcha de la Iglesia en los pr\u00f3ximos a\u00f1os\u201d (EG 1). Precisamente su primer documento se llama LA ALEGR\u00cdA DEL EVANGELIO, una alegr\u00eda que va m\u00e1s all\u00e1 de las buenas oportunidades o de que si las cosas salen bien. Es una alegr\u00eda espiritual, profunda, que dejan un sello indeleble. No tener cara de vinagre, dec\u00eda muchas veces, especialmente a los curas.<\/p>\n\n\n\n<p class=\"has-black-color has-text-color\"><strong>Iglesia misericordiosa<\/strong><strong><\/strong><\/p>\n\n\n\n<p><em>\u201cLo que m\u00e1s necesita la iglesia hoy es la capacidad de sanar heridas y reconfortar los corazones de los fieles; necesita cercan\u00eda, proximidad. Veo la iglesia como un hospital de campa\u00f1a despu\u00e9s de la batalla. \u00a1Es in\u00fatil preguntarle a una persona gravemente herida si tiene el colesterol alto y cu\u00e1l es su nivel de az\u00facar en la sangre!\u201d (Primera entrevista volviendo de R\u00edo de Janeiro, 2013).<\/em><em><\/em><\/p>\n\n\n\n<p class=\"has-black-color has-text-color\"><strong>Iglesia en salida<\/strong><strong><\/strong><\/p>\n\n\n\n<p>\u201cLa Iglesia en salida es la comunidad de disc\u00edpulos misioneros que primerean, que se involucran, que acompa\u00f1an, que fructifican y festejan\u201d (EG 24).<\/p>\n\n\n\n<p class=\"has-black-color has-text-color\"><strong>Fraternidad y pobreza<\/strong><strong><\/strong><\/p>\n\n\n\n<p>\u201cComenzamos hoy un camino de fraternidad y amor universal\u201d, fueron sus primeras palabras en el balc\u00f3n de la Bas\u00edlica de San Pedro cuando lo eligieron como Obispo de Roma y sucesor de Pedro (13 de marzo de 2013).<\/p>\n\n\n\n<p class=\"has-black-color has-text-color\"><strong>\u201c<\/strong><strong>Francisco de As\u00eds es para m\u00ed el hombre de la pobreza, el hombre de la paz, el hombre que ama y cuida toda la Creaci\u00f3n. El hombre pobre. \u00a1C\u00f3mo me gustar\u00eda una iglesia pobre y para los pobres!&#8230;<\/strong> <strong>(primera rueda de prensa el 16 de marzo de 2013).<\/strong><strong><\/strong><\/p>\n\n\n\n<p class=\"has-black-color has-text-color\"><strong>J\u00f3venes en la Iglesia y en el mundo<\/strong><strong><\/strong><\/p>\n\n\n\n<p><strong>\u201c<\/strong>Ustedes tienen una especial sensibilidad ante la injusticia, pero a menudo se siente defraudados por la corrupci\u00f3n, por las personas que, en lugar de buscar el bien com\u00fan, persiguen su propio inter\u00e9s\u201d. Y a las decenas de miles de chicos y chicas les propuso: \u201cNo se desanimen, no pierdan la confianza, no dejen que la esperanza se apague. La realidad puede cambiar, el hombre puede cambiar\u2026<strong>Hagan l\u00edo, pero organ\u00edcenlo bien,<\/strong>&nbsp;un l\u00edo que nos d\u00e9 un coraz\u00f3n libre, que nos d\u00e9 esperanza; un l\u00edo que nazca de haber conocido a Jes\u00fas\u201d<strong> (Mensaje a los j\u00f3venes en R\u00edo de Janeiro 2013).<\/strong><strong><\/strong><\/p>\n\n\n\n<p class=\"has-black-color has-text-color\"><strong>El rol de las mujeres<\/strong><strong><\/strong><\/p>\n\n\n\n<p><strong>Francisco luch\u00f3 por la dignidad de la mujer, por su inclusi\u00f3n y por la igualdad de g\u00e9nero, no s\u00f3lo en documentos o declaraciones, sino en hechos concretos y en su propia casa: una religiosa es por primera vez Prefecta de un Dicasterio Vaticano (como un ministerio), lugar hist\u00f3ricamente reservado a los Cardenales.<\/strong><strong><\/strong><\/p>\n\n\n\n<p>\u201c<em>Incluir a la mujer no es una moda feminista, es un acto de justicia<\/em>\u201d (Entrevista a TVI\/CNN Portugal, septiembre 2022).<strong><\/strong><\/p>\n\n\n\n<p><strong>Di\u00e1logo interreligioso y ecum\u00e9nico, como base para la paz del mundo<\/strong><strong><\/strong><\/p>\n\n\n\n<p><strong>Dialog\u00f3 con todos los l\u00edderes religiosos (jud\u00edos, musulmanes, ortodoxos, evang\u00e9licos, y de otras religiones), siempre con una actitud de escucha, comprensi\u00f3n y respeto, no desde la c\u00e1tedra, sino desde el piso, agach\u00e1ndose:<\/strong><strong><\/strong><\/p>\n\n\n\n<p>\u00ab<em>Les pido como hermano:&nbsp;mant\u00e9nganse en la paz. Se los pido con el coraz\u00f3n. Habr\u00e1 problemas, pero no se asusten, sigan adelante, resuelvan los problemas.&nbsp;<strong>Han iniciado un proceso, que termine bien<\/strong><\/em>\u00ab, les pidi\u00f3 antes de inclinarse ante ellos y besarles los pies al Presidente de Sud\u00e1n del Sud y los 5 vicepresidentes elegidos para el proceso de paz en un pa\u00eds en guerra civil (11 de abril de 2019).<\/p>\n\n\n\n<p>Quisiera comentarles algunos puntos de sus dos principales enc\u00edclicas: \u201cLaudato si\u201d que aborda la situaci\u00f3n de la \u201ccasa com\u00fan\u201d, de este planeta en donde vivimos y que lo estamos destruyendo y \u201cFratelli tutti\u201d como un camino hacia la fraternidad universal. Ambos t\u00edtulos son palabras de San Francisco de As\u00eds, santo humilde y pobre, el \u201chermano de todos\u201d.<\/p>\n\n\n\n<p>1. <strong>\u00abLaudato si\u2019, mi\u2019 Signore\u00bb<\/strong> \u2013 \u00abAlabado seas, mi Se\u00f1or\u00bb, cantaba san Francisco de As\u00eds. En ese hermoso c\u00e1ntico nos recordaba que nuestra casa com\u00fan es tambi\u00e9n como una hermana, con la cual compartimos la existencia, y como una madre bella que nos acoge entre sus brazos: \u00abAlabado seas, mi Se\u00f1or, por la hermana nuestra madre tierra, la cual nos sustenta, y gobierna y produce diversos frutos con coloridas flores y hierba\u00bb.<\/p>\n\n\n\n<p>2. Esta hermana clama por el da\u00f1o que le provocamos a causa del uso irresponsable y del abuso de los bienes que Dios ha puesto en ella. Hemos crecido pensando que \u00e9ramos sus propietarios y dominadores, autorizados a expoliarla. La violencia que hay en el coraz\u00f3n humano, herido por el pecado, tambi\u00e9n se manifiesta en los s\u00edntomas de enfermedad que advertimos en el suelo, en el agua, en el aire y en los seres vivientes. Por eso, entre los pobres m\u00e1s abandonados y maltratados, est\u00e1 nuestra oprimida y devastada tierra, que \u00abgime y sufre dolores de parto\u00bb (<em>Rm&nbsp;<\/em>8,22). Olvidamos que nosotros mismos somos tierra (cf.&nbsp;<em>Gn&nbsp;<\/em>2,7). Nuestro propio cuerpo est\u00e1 constituido por los elementos del planeta, su aire es el que nos da el aliento y su agua nos vivifica y restaura.<\/p>\n\n\n\n<p><a>1<\/a>. <strong>\u00ab<em>Fratelli tutti<\/em>\u00bb,<\/strong> escrib\u00eda san Francisco de As\u00eds para dirigirse a todos los hermanos y las hermanas, y proponerles una forma de vida con sabor a Evangelio. De esos consejos quiero destacar uno donde invita a un amor que va m\u00e1s all\u00e1 de las barreras de la geograf\u00eda y del espacio. All\u00ed declara feliz a quien ame al otro \u00abtanto a su hermano cuando est\u00e1 lejos de \u00e9l como cuando est\u00e1 junto a \u00e9l\u00bb<a href=\"https:\/\/www.vatican.va\/content\/francesco\/es\/encyclicals\/documents\/papa-francesco_20201003_enciclica-fratelli-tutti.html#_ftn2\">[2]<\/a>. Con estas pocas y sencillas palabras expres\u00f3 lo esencial de una fraternidad abierta, que permite reconocer, valorar y amar a cada persona m\u00e1s all\u00e1 de la cercan\u00eda f\u00edsica, m\u00e1s all\u00e1 del lugar del universo donde hayan nacido o habite. <\/p>\n\n\n\n<p class=\"has-black-color has-text-color\"><strong>El poliedro<\/strong><strong><\/strong><\/p>\n\n\n\n<p>145. Hay una falsa apertura a lo universal, que procede de la superficialidad vac\u00eda de quien no es capaz de penetrar hasta el fondo en su patria, o de quien sobrelleva un resentimiento no resuelto hacia su pueblo. En todo caso, \u00absiempre hay que ampliar la mirada para reconocer un bien mayor que nos beneficiar\u00e1 a todos. Pero hay que hacerlo sin evadirse, sin desarraigos. Es necesario hundir las ra\u00edces en la tierra f\u00e9rtil y en la historia del propio lugar, que es un don de Dios. Se trabaja en lo peque\u00f1o, en lo cercano, pero con una perspectiva m\u00e1s amplia. [\u2026] No es ni la esfera global que anula ni la parcialidad aislada que esteriliza\u00bb<a><\/a><a href=\"https:\/\/www.vatican.va\/content\/francesco\/es\/encyclicals\/documents\/papa-francesco_20201003_enciclica-fratelli-tutti.html#_ftn125\">[125]<\/a>, <strong>es el poliedro<\/strong>, donde al mismo tiempo que cada uno es respetado en su valor, \u00abel todo es m\u00e1s que la parte, y tambi\u00e9n es m\u00e1s que la mera suma de ellas\u00bb<a><\/a><a href=\"https:\/\/www.vatican.va\/content\/francesco\/es\/encyclicals\/documents\/papa-francesco_20201003_enciclica-fratelli-tutti.html#_ftn126\">[126]<\/a>.<\/p>\n\n\n\n<p><a>154<\/a>. Para hacer posible el desarrollo de una comunidad mundial, capaz de realizar la fraternidad a partir de pueblos y naciones que vivan la amistad social, hace falta la mejor pol\u00edtica puesta al servicio del verdadero bien com\u00fan. En cambio, desgraciadamente, la pol\u00edtica hoy con frecuencia suele asumir formas que dificultan la marcha hacia un mundo distinto.<\/p>\n\n\n\n<p class=\"has-black-color has-text-color\"><strong>El amor pol\u00edtico<\/strong><strong><\/strong><\/p>\n\n\n\n<p><a>180<\/a>. Reconocer a cada ser humano como un hermano o una hermana y buscar una amistad social que integre a todos no son meras utop\u00edas. Exigen la decisi\u00f3n y la capacidad para encontrar los caminos eficaces que las hagan realmente posibles. Cualquier empe\u00f1o en esta l\u00ednea se convierte en un ejercicio supremo de la caridad. Porque un individuo puede ayudar a una persona necesitada, pero cuando se une a otros para generar procesos sociales de fraternidad y de justicia para todos, entra en \u00abel campo de la m\u00e1s amplia caridad, la caridad pol\u00edtica\u00bb<a><\/a><a href=\"https:\/\/www.vatican.va\/content\/francesco\/es\/encyclicals\/documents\/papa-francesco_20201003_enciclica-fratelli-tutti.html#_ftn165\">[165]<\/a>. Se trata de avanzar hacia un orden social y pol\u00edtico cuya alma sea la caridad social<a><\/a><a href=\"https:\/\/www.vatican.va\/content\/francesco\/es\/encyclicals\/documents\/papa-francesco_20201003_enciclica-fratelli-tutti.html#_ftn166\">[166]<\/a>. Una vez m\u00e1s convoco a rehabilitar la pol\u00edtica, que \u00abes una alt\u00edsima vocaci\u00f3n, es una de las formas m\u00e1s preciosas de la caridad, porque busca el bien com\u00fan\u00bb<a><\/a><a href=\"https:\/\/www.vatican.va\/content\/francesco\/es\/encyclicals\/documents\/papa-francesco_20201003_enciclica-fratelli-tutti.html#_ftn167\">[167]<\/a>.<\/p>\n\n\n\n<p class=\"has-black-color has-text-color\"><strong>Di\u00e1logo y amistad social<\/strong><\/p>\n\n\n\n<p>198. Acercarse, expresarse, escucharse, mirarse, conocerse, tratar de comprenderse, buscar puntos de contacto, todo eso se resume en el verbo \u201cdialogar\u201d. Para encontrarnos y ayudarnos mutuamente necesitamos dialogar. No hace falta decir para qu\u00e9 sirve el di\u00e1logo. Me basta pensar qu\u00e9 ser\u00eda el mundo sin ese di\u00e1logo paciente de tantas personas generosas que han mantenido unidas a familias y a comunidades. El di\u00e1logo persistente y corajudo no es noticia como los desencuentros y los conflictos, pero ayuda discretamente al mundo a vivir mejor, mucho m\u00e1s de lo que podamos darnos cuenta.<\/p>\n\n\n\n<p class=\"has-black-color has-text-color\"><strong>El di\u00e1logo social hacia una nueva cultura<\/strong><strong><\/strong><\/p>\n\n\n\n<p><a>199<\/a>. Algunos tratan de huir de la realidad refugi\u00e1ndose en mundos privados, y otros la enfrentan con violencia destructiva, pero \u00abentre la indiferencia ego\u00edsta y la protesta violenta, siempre hay una opci\u00f3n posible: el di\u00e1logo. El di\u00e1logo entre las generaciones, el di\u00e1logo en el pueblo, porque todos somos pueblo, la capacidad de dar y recibir, permaneciendo abiertos a la verdad. Un pa\u00eds crece cuando sus diversas riquezas culturales dialogan de manera constructiva: la cultura popular, la universitaria, la juvenil, la art\u00edstica, la tecnol\u00f3gica, la cultura econ\u00f3mica, la cultura de la familia y de los medios de comunicaci\u00f3n\u00bb<a><\/a><a href=\"https:\/\/www.vatican.va\/content\/francesco\/es\/encyclicals\/documents\/papa-francesco_20201003_enciclica-fratelli-tutti.html#_ftn196\">[196]<\/a>.<\/p>\n\n\n\n<p><a>200<\/a>. Se suele confundir el di\u00e1logo con algo muy diferente:&nbsp;un febril intercambio de opiniones en las redes sociales, muchas veces orientado por informaci\u00f3n medi\u00e1tica no siempre confiable. Son s\u00f3lo mon\u00f3logos que proceden paralelos, quiz\u00e1s imponi\u00e9ndose a la atenci\u00f3n de los dem\u00e1s por sus tonos altos o agresivos. Pero los mon\u00f3logos no comprometen a nadie, hasta el punto de que sus contenidos frecuentemente son oportunistas y contradictorios.<\/p>\n\n\n\n<p class=\"has-black-color has-text-color\"><strong>Llamamiento<\/strong><strong><\/strong><\/p>\n\n\n\n<p><a>285<\/a>. En aquel encuentro fraterno que recuerdo gozosamente, con el Gran Im\u00e1n Ahmad Al-Tayyeb \u00abdeclaramos \u2014firmemente\u2014 que las religiones no incitan nunca a la guerra y no instan a sentimientos de odio, hostilidad, extremismo, ni invitan a la violencia o al derramamiento de sangre\u2026Por ello quiero retomar aqu\u00ed el llamamiento de paz, justicia y fraternidad que hicimos juntos:<\/p>\n\n\n\n<p>\u00abEn el nombre de Dios que ha creado todos los seres humanos iguales en los derechos, en los deberes y en la dignidad, y los ha llamado a convivir como hermanos entre ellos, para poblar la tierra y difundir en ella los valores del bien, la caridad y la paz.<\/p>\n\n\n\n<p>En el nombre de la inocente alma humana que Dios ha prohibido matar, afirmando que quien mata a una persona es como si hubiese matado a toda la humanidad y quien salva a una es como si hubiese salvado a la humanidad entera.<\/p>\n\n\n\n<p>En el nombre de los pobres, de los desdichados, de los necesitados y de los marginados que Dios ha ordenado socorrer como un deber requerido a todos los hombres y en modo particular a cada hombre acaudalado y acomodado.<\/p>\n\n\n\n<p>En el nombre de los hu\u00e9rfanos, de las viudas, de los refugiados y de los exiliados de sus casas y de sus pueblos; de todas las v\u00edctimas de las guerras, las persecuciones y las injusticias; de los d\u00e9biles, de cuantos viven en el miedo, de los prisioneros de guerra y de los torturados en cualquier parte del mundo, sin distinci\u00f3n alguna.<\/p>\n\n\n\n<p>En el nombre de los pueblos que han perdido la seguridad, la paz y la convivencia com\u00fan, siendo v\u00edctimas de la destrucci\u00f3n, de la ruina y de las guerras.<\/p>\n\n\n\n<p>En nombre de la&nbsp;<em>fraternidad humana<\/em>&nbsp;que abraza a todos los hombres, los une y los hace iguales.<\/p>\n\n\n\n<p>En el nombre de esta&nbsp;<em>fraternidad<\/em>&nbsp;golpeada por las pol\u00edticas de integrismo y divisi\u00f3n y por los sistemas de ganancia insaciable y las tendencias ideol\u00f3gicas odiosas, que manipulan las acciones y los destinos de los hombres.<\/p>\n\n\n\n<p>En el nombre de la libertad, que Dios ha dado a todos los seres humanos, cre\u00e1ndolos libres y distingui\u00e9ndolos con ella.<\/p>\n\n\n\n<p>En el nombre de la justicia y de la misericordia, fundamentos de la prosperidad y quicios de la fe.<\/p>\n\n\n\n<p>En el nombre de todas las personas de buena voluntad, presentes en cada rinc\u00f3n de la tierra.<\/p>\n\n\n\n<p>En el nombre de Dios y de todo esto [\u2026] \u201casumimos\u201d la cultura del di\u00e1logo como camino; la colaboraci\u00f3n com\u00fan como conducta; el conocimiento rec\u00edproco como m\u00e9todo y criterio\u00bb.<\/p>\n\n\n\n<p>Algunos preguntan por qu\u00e9 no vino a Argentina, dir\u00eda que su tierra es Argentina, que su pensamiento es argentino, que su pasi\u00f3n es la de los argentinos, sus neologismos son argentinos y lo entendieron en el mundo entero. Vivi\u00f3 entre nosotros 75 a\u00f1os, venir a Argentina hubiese sido complejo. Pero su memoria quedar\u00e1 en Argentina, no como un famoso que no vino, sino como el padre Jorge, el Papa Francisco que nunca se fue, que nunca nos dej\u00f3.<\/p>\n\n\n\n<p>Finalmente uniendo el principio de su pontificado con su \u00faltima aparici\u00f3n en p\u00fablico tuvo lugar y tiene lugar la bendici\u00f3n que nos dio en ese balc\u00f3n. Pasaron 12 a\u00f1os, pudimos ser testigos de su vida y de sus obras, de sus palabras y de sus gestos.<\/p>\n\n\n\n<p>Gracias Francisco, gracias por tu entrega, gracias porque fuiste una persona excepcional sin dejar de ser un hombre sencillo con los pies bien en la tierra. Ahora descansa en paz, te lo mereces. Muchas gracias<\/p>\n\n\n\n<p>+ Ernesto Giobando sj<\/p>\n\n\n\n<p>Obispo de Mar del Plata<\/p>\n\n\n\n<figure class=\"wp-block-image size-large\"><img loading=\"lazy\" width=\"1024\" height=\"768\" src=\"https:\/\/www.obispado-mdp.org.ar\/a\/wp-content\/uploads\/2025\/04\/IMG_2468-1024x768.jpg\" alt=\"\" class=\"wp-image-46029\"\/><\/figure>\n\n\n\n<figure class=\"wp-block-image size-large\"><img loading=\"lazy\" width=\"1024\" height=\"768\" src=\"https:\/\/www.obispado-mdp.org.ar\/a\/wp-content\/uploads\/2025\/04\/IMG_2473-1024x768.jpg\" alt=\"\" class=\"wp-image-46028\"\/><\/figure>\n\n\n\n<figure class=\"wp-block-image size-large is-resized\"><img loading=\"lazy\" src=\"https:\/\/www.obispado-mdp.org.ar\/a\/wp-content\/uploads\/2025\/04\/IMG_2457-768x1024.jpg\" alt=\"\" class=\"wp-image-46025\" width=\"818\" height=\"1091\"\/><\/figure>\n\n\n\n<figure class=\"wp-block-image size-large\"><img loading=\"lazy\" width=\"1024\" height=\"768\" src=\"https:\/\/www.obispado-mdp.org.ar\/a\/wp-content\/uploads\/2025\/04\/IMG_2445-1024x768.jpg\" alt=\"\" class=\"wp-image-46026\"\/><\/figure>\n\n\n\n<figure class=\"wp-block-image\"><img alt=\"\"\/><\/figure>\n","protected":false},"excerpt":{"rendered":"<p>Francisco nos dej\u00f3 un legado que contiene frases y gestos simb\u00f3licos. Quisiera compartir con ustedes algunas de esas frases y gestos que nos ayudar\u00e1n a comprender mejor la dimensi\u00f3n de su vida. Cuando una persona muere o queda en el olvido al poco tiempo o se agiganta su figura a medida que tomamos conciencia de [&hellip;]<\/p>\n","protected":false},"author":4,"featured_media":0,"comment_status":"open","ping_status":"open","sticky":false,"template":"","format":"standard","meta":{"_et_pb_use_builder":"","_et_pb_old_content":"","_et_gb_content_width":""},"categories":[4],"tags":[],"aioseo_notices":[],"_links":{"self":[{"href":"https:\/\/www.obispado-mdp.org.ar\/a\/wp-json\/wp\/v2\/posts\/46023"}],"collection":[{"href":"https:\/\/www.obispado-mdp.org.ar\/a\/wp-json\/wp\/v2\/posts"}],"about":[{"href":"https:\/\/www.obispado-mdp.org.ar\/a\/wp-json\/wp\/v2\/types\/post"}],"author":[{"embeddable":true,"href":"https:\/\/www.obispado-mdp.org.ar\/a\/wp-json\/wp\/v2\/users\/4"}],"replies":[{"embeddable":true,"href":"https:\/\/www.obispado-mdp.org.ar\/a\/wp-json\/wp\/v2\/comments?post=46023"}],"version-history":[{"count":5,"href":"https:\/\/www.obispado-mdp.org.ar\/a\/wp-json\/wp\/v2\/posts\/46023\/revisions"}],"predecessor-version":[{"id":46034,"href":"https:\/\/www.obispado-mdp.org.ar\/a\/wp-json\/wp\/v2\/posts\/46023\/revisions\/46034"}],"wp:attachment":[{"href":"https:\/\/www.obispado-mdp.org.ar\/a\/wp-json\/wp\/v2\/media?parent=46023"}],"wp:term":[{"taxonomy":"category","embeddable":true,"href":"https:\/\/www.obispado-mdp.org.ar\/a\/wp-json\/wp\/v2\/categories?post=46023"},{"taxonomy":"post_tag","embeddable":true,"href":"https:\/\/www.obispado-mdp.org.ar\/a\/wp-json\/wp\/v2\/tags?post=46023"}],"curies":[{"name":"wp","href":"https:\/\/api.w.org\/{rel}","templated":true}]}}