{"id":46035,"date":"2025-04-26T20:28:02","date_gmt":"2025-04-26T23:28:02","guid":{"rendered":"https:\/\/www.obispado-mdp.org.ar\/a\/?p=46035"},"modified":"2025-04-26T20:46:35","modified_gmt":"2025-04-26T23:46:35","slug":"26-4-en-el-dia-de-su-funeral-en-roma-se-celebro-una-misa-por-el-papa-francisco-en-la-catedral","status":"publish","type":"post","link":"https:\/\/www.obispado-mdp.org.ar\/a\/26-4-en-el-dia-de-su-funeral-en-roma-se-celebro-una-misa-por-el-papa-francisco-en-la-catedral\/","title":{"rendered":"En el d\u00eda de su funeral en Roma, se celebr\u00f3 una Misa por el Papa Francisco en la Catedral"},"content":{"rendered":"\n<p>Una vez m\u00e1s tras la multitudinaria Misa celebrada el d\u00eda de la partida f\u00edsica del Papa Francisco, la Catedral de Mar del Plata se vio colmada de fieles en la ma\u00f1ana del s\u00e1bado, en una nueva muestra de afecto de todos los sectores de la sociedad al \u00faltimo sucesor de San Pedro. En esta ocasi\u00f3n, la Eucarist\u00eda que presidi\u00f3 el obispo monse\u00f1or Ernesto Giobando sj. en el d\u00eda del funeral la sepultura del Papa en Roma, cont\u00f3 con la presencia de diversas autoridades, destac\u00e1ndose la de varios intendentes, legisladores, representantes de las Universidades, de las Fuerzas Armadas y de Seguridad, y de otros Credos.<\/p>\n\n\n\n<p>El Prelado destac\u00f3 que \u201cFrancisco nos record\u00f3 el pedido de Jes\u00fas de ir por el mundo entero llevando el Evangelio, que son las palabras que se proclamaron reci\u00e9n, y son las que yo eleg\u00ed tambi\u00e9n para el lema de mi ministerio episcopal, porque hay que salir, hay que ir por el mundo: el mundo de las relaciones m\u00e1s \u00edntimas como tambi\u00e9n el mundo de las relaciones sociales.\u201d<\/p>\n\n\n\n<p>Seguidamente remarc\u00f3 que \u201cen las oraciones de esta Misa pedimos repetidas veces que el Se\u00f1or tenga misericordia de Francisco, y \u00e9l mismo dijo ser un pecador a quien el Se\u00f1or ha mirado con misericordia\u201d y ley\u00f3 un relato testimonial de Francisco que recuerda el d\u00eda en el que en la Parroquia San Jos\u00e9 de Flores, el d\u00eda de la festividad de San Mateo \u201centr\u00f3 en la misericordia de Dios.\u201d<\/p>\n\n\n\n<p>El Obispo expres\u00f3 que \u201cya he hablado yo del Papa en la Misa del lunes y tambi\u00e9n en la sesi\u00f3n del Concejo Deliberante, por lo que hoy les propongo que dejemos que hable \u00e9l a trav\u00e9s de algunas citas que escog\u00ed para que resuenen en cada uno de nosotros en este d\u00eda.\u201d<\/p>\n\n\n\n<p>Tras esa introducci\u00f3n, diversas expresiones del magisterio de Francisco llegaron una vez m\u00e1s al coraz\u00f3n de todos, con la intenci\u00f3n de que \u201csu vida, su mensaje y sus gestos nos ayuden a encontrar el camino para hacer de este mundo un lugar mejor en el que nadie quede afuera\u201d, tal como expres\u00f3 monse\u00f1or Giobando en la conclusi\u00f3n de su homil\u00eda.&nbsp;<\/p>\n\n\n\n<figure class=\"wp-block-image size-full is-resized\"><img loading=\"lazy\" src=\"https:\/\/www.obispado-mdp.org.ar\/a\/wp-content\/uploads\/2025\/04\/IMG_2613.jpg\" alt=\"\" class=\"wp-image-46037\" width=\"817\" height=\"613\"\/><\/figure>\n\n\n\n<figure class=\"wp-block-image size-full is-resized\"><img loading=\"lazy\" src=\"https:\/\/www.obispado-mdp.org.ar\/a\/wp-content\/uploads\/2025\/04\/IMG_2627.jpg\" alt=\"\" class=\"wp-image-46036\" width=\"818\" height=\"614\"\/><\/figure>\n\n\n\n<figure class=\"wp-block-image size-full is-resized\"><img loading=\"lazy\" src=\"https:\/\/www.obispado-mdp.org.ar\/a\/wp-content\/uploads\/2025\/04\/IMG_2623.jpg\" alt=\"\" class=\"wp-image-46038\" width=\"819\" height=\"1092\"\/><\/figure>\n\n\n\n<figure class=\"wp-block-image size-full is-resized\"><img loading=\"lazy\" src=\"https:\/\/www.obispado-mdp.org.ar\/a\/wp-content\/uploads\/2025\/04\/IMG_2601.jpg\" alt=\"\" class=\"wp-image-46039\" width=\"824\" height=\"618\"\/><\/figure>\n\n\n\n<figure class=\"wp-block-image size-full is-resized\"><img loading=\"lazy\" src=\"https:\/\/www.obispado-mdp.org.ar\/a\/wp-content\/uploads\/2025\/04\/IMG_2659.jpg\" alt=\"\" class=\"wp-image-46040\" width=\"824\" height=\"618\"\/><\/figure>\n","protected":false},"excerpt":{"rendered":"<p>Una vez m\u00e1s tras la multitudinaria Misa celebrada el d\u00eda de la partida f\u00edsica del Papa Francisco, la Catedral de Mar del Plata se vio colmada de fieles en la ma\u00f1ana del s\u00e1bado, en una nueva muestra de afecto de todos los sectores de la sociedad al \u00faltimo sucesor de San Pedro. En esta ocasi\u00f3n, [&hellip;]<\/p>\n","protected":false},"author":4,"featured_media":0,"comment_status":"open","ping_status":"open","sticky":false,"template":"","format":"standard","meta":{"_et_pb_use_builder":"","_et_pb_old_content":"","_et_gb_content_width":""},"categories":[4],"tags":[],"aioseo_notices":[],"_links":{"self":[{"href":"https:\/\/www.obispado-mdp.org.ar\/a\/wp-json\/wp\/v2\/posts\/46035"}],"collection":[{"href":"https:\/\/www.obispado-mdp.org.ar\/a\/wp-json\/wp\/v2\/posts"}],"about":[{"href":"https:\/\/www.obispado-mdp.org.ar\/a\/wp-json\/wp\/v2\/types\/post"}],"author":[{"embeddable":true,"href":"https:\/\/www.obispado-mdp.org.ar\/a\/wp-json\/wp\/v2\/users\/4"}],"replies":[{"embeddable":true,"href":"https:\/\/www.obispado-mdp.org.ar\/a\/wp-json\/wp\/v2\/comments?post=46035"}],"version-history":[{"count":2,"href":"https:\/\/www.obispado-mdp.org.ar\/a\/wp-json\/wp\/v2\/posts\/46035\/revisions"}],"predecessor-version":[{"id":46054,"href":"https:\/\/www.obispado-mdp.org.ar\/a\/wp-json\/wp\/v2\/posts\/46035\/revisions\/46054"}],"wp:attachment":[{"href":"https:\/\/www.obispado-mdp.org.ar\/a\/wp-json\/wp\/v2\/media?parent=46035"}],"wp:term":[{"taxonomy":"category","embeddable":true,"href":"https:\/\/www.obispado-mdp.org.ar\/a\/wp-json\/wp\/v2\/categories?post=46035"},{"taxonomy":"post_tag","embeddable":true,"href":"https:\/\/www.obispado-mdp.org.ar\/a\/wp-json\/wp\/v2\/tags?post=46035"}],"curies":[{"name":"wp","href":"https:\/\/api.w.org\/{rel}","templated":true}]}}