{"id":46042,"date":"2025-04-25T20:42:00","date_gmt":"2025-04-25T23:42:00","guid":{"rendered":"https:\/\/www.obispado-mdp.org.ar\/a\/?p=46042"},"modified":"2025-04-26T20:45:43","modified_gmt":"2025-04-26T23:45:43","slug":"miramar-tiene-nuevo-parroco-asumio-el-padre-luis-alboniga","status":"publish","type":"post","link":"https:\/\/www.obispado-mdp.org.ar\/a\/miramar-tiene-nuevo-parroco-asumio-el-padre-luis-alboniga\/","title":{"rendered":"<strong>Miramar tiene nuevo p\u00e1rroco: asumi\u00f3 el padre Luis Alb\u00f3niga<\/strong>"},"content":{"rendered":"\n<p>En un clima de alegr\u00eda pascual, aunque con el dolor de la partida f\u00edsica del Papa Francisco, la comunidad parroquial de San Andr\u00e9s, en Miramar, recibi\u00f3 a su nuevo p\u00e1rroco, el padre Luis Alb\u00f3niga. La celebraci\u00f3n, que tuvo lugar el pasado jueves 24 en el templo parroquial estuvo presidida por el obispo diocesano, monse\u00f1or Ernesto Giobando sj. y concelebrada por gran cantidad de sacerdotes.<\/p>\n\n\n\n<p>Tras la lectura del decreto de nombramiento, sigui\u00f3 la tradicional bendici\u00f3n con agua bendita por parte del nuevo p\u00e1rroco a toda la asamblea lit\u00fargica, en memoria de ser pueblo de bautizados.<\/p>\n\n\n\n<p>Monse\u00f1or Giobando exhort\u00f3 al comentar las lecturas b\u00edblicas que se proclamaron, a que \u201cel Pueblo de Dios no suelte a sus Pastores, que muchas veces deben cruzar oscuras quebradas, para ser ese signo del Se\u00f1or que siempre est\u00e1 con nosotros y nos invita a poner la confianza en \u00c9l\u201d, y pidi\u00f3 para el padre Luis \u201cque la alegr\u00eda de Jes\u00fas lo siga acompa\u00f1ando en esta etapa de su ministerio para poder anunciarlo con la palabra y con la vida.\u201d<\/p>\n\n\n\n<p>A la luz del Evangelio, el Obispo asever\u00f3 que \u201cJes\u00fas resucitado al mostrar sus llagas tambi\u00e9n cura las nuestras, as\u00ed como en el cen\u00e1culo, donde vemos a los disc\u00edpulos at\u00f3nitos, con miedo o con falta de fe, para que no sean llagas abiertas del dolor, sino llagas de esperanza.&nbsp;<\/p>\n\n\n\n<p>Al promediar la celebraci\u00f3n, Carolina Carnicero, miembro de la comunidad parroquial y representante legal de las escuelas del Obispado en Miramar, dirigi\u00f3 sentidas palabras al nuevo pastor de la comunidad. Por su parte el padre Luis agradeci\u00f3 \u201cal Obispo por renovar su confianza\u201d y tras expresar que \u201cMiramar es un ciudad y una parroquia a la que vine varias veces y estos d\u00edas estuve recorriendo la ciudad\u201d, manifest\u00f3 su deseo de \u201cllegar a todos con la Buena Noticia de Jes\u00fas, para lo que ser\u00e1 necesario seguir caminando juntos.\u201d<\/p>\n\n\n\n<figure class=\"wp-block-image size-large is-resized\"><img loading=\"lazy\" src=\"https:\/\/www.obispado-mdp.org.ar\/a\/wp-content\/uploads\/2025\/04\/IMG_2516-768x1024.jpg\" alt=\"\" class=\"wp-image-46047\" width=\"822\" height=\"1096\"\/><\/figure>\n\n\n\n<figure class=\"wp-block-image size-large\"><img loading=\"lazy\" width=\"1024\" height=\"768\" src=\"https:\/\/www.obispado-mdp.org.ar\/a\/wp-content\/uploads\/2025\/04\/IMG_2507-1024x768.jpg\" alt=\"\" class=\"wp-image-46046\"\/><\/figure>\n\n\n\n<figure class=\"wp-block-image size-large\"><img loading=\"lazy\" width=\"1024\" height=\"768\" src=\"https:\/\/www.obispado-mdp.org.ar\/a\/wp-content\/uploads\/2025\/04\/IMG_2580-1024x768.jpg\" alt=\"\" class=\"wp-image-46045\"\/><\/figure>\n\n\n\n<figure class=\"wp-block-image size-large\"><img loading=\"lazy\" width=\"1024\" height=\"681\" src=\"https:\/\/www.obispado-mdp.org.ar\/a\/wp-content\/uploads\/2025\/04\/DSC_0347-1024x681.jpg\" alt=\"\" class=\"wp-image-46049\"\/><\/figure>\n\n\n\n<figure class=\"wp-block-image size-large\"><img loading=\"lazy\" width=\"1024\" height=\"681\" src=\"https:\/\/www.obispado-mdp.org.ar\/a\/wp-content\/uploads\/2025\/04\/DSC_0403-1024x681.jpg\" alt=\"\" class=\"wp-image-46050\"\/><\/figure>\n\n\n\n<figure class=\"wp-block-image size-large\"><img loading=\"lazy\" width=\"1024\" height=\"681\" src=\"https:\/\/www.obispado-mdp.org.ar\/a\/wp-content\/uploads\/2025\/04\/DSC_0342-1024x681.jpg\" alt=\"\" class=\"wp-image-46051\"\/><\/figure>\n\n\n\n<figure class=\"wp-block-image size-large\"><img loading=\"lazy\" width=\"1024\" height=\"681\" src=\"https:\/\/www.obispado-mdp.org.ar\/a\/wp-content\/uploads\/2025\/04\/DSC_0417-1024x681.jpg\" alt=\"\" class=\"wp-image-46052\"\/><\/figure>\n\n\n\n<figure class=\"wp-block-image\"><img alt=\"\"\/><\/figure>\n","protected":false},"excerpt":{"rendered":"<p>En un clima de alegr\u00eda pascual, aunque con el dolor de la partida f\u00edsica del Papa Francisco, la comunidad parroquial de San Andr\u00e9s, en Miramar, recibi\u00f3 a su nuevo p\u00e1rroco, el padre Luis Alb\u00f3niga. La celebraci\u00f3n, que tuvo lugar el pasado jueves 24 en el templo parroquial estuvo presidida por el obispo diocesano, monse\u00f1or Ernesto [&hellip;]<\/p>\n","protected":false},"author":4,"featured_media":0,"comment_status":"closed","ping_status":"closed","sticky":false,"template":"","format":"standard","meta":{"_et_pb_use_builder":"","_et_pb_old_content":"","_et_gb_content_width":""},"categories":[4],"tags":[],"aioseo_notices":[],"_links":{"self":[{"href":"https:\/\/www.obispado-mdp.org.ar\/a\/wp-json\/wp\/v2\/posts\/46042"}],"collection":[{"href":"https:\/\/www.obispado-mdp.org.ar\/a\/wp-json\/wp\/v2\/posts"}],"about":[{"href":"https:\/\/www.obispado-mdp.org.ar\/a\/wp-json\/wp\/v2\/types\/post"}],"author":[{"embeddable":true,"href":"https:\/\/www.obispado-mdp.org.ar\/a\/wp-json\/wp\/v2\/users\/4"}],"replies":[{"embeddable":true,"href":"https:\/\/www.obispado-mdp.org.ar\/a\/wp-json\/wp\/v2\/comments?post=46042"}],"version-history":[{"count":3,"href":"https:\/\/www.obispado-mdp.org.ar\/a\/wp-json\/wp\/v2\/posts\/46042\/revisions"}],"predecessor-version":[{"id":46053,"href":"https:\/\/www.obispado-mdp.org.ar\/a\/wp-json\/wp\/v2\/posts\/46042\/revisions\/46053"}],"wp:attachment":[{"href":"https:\/\/www.obispado-mdp.org.ar\/a\/wp-json\/wp\/v2\/media?parent=46042"}],"wp:term":[{"taxonomy":"category","embeddable":true,"href":"https:\/\/www.obispado-mdp.org.ar\/a\/wp-json\/wp\/v2\/categories?post=46042"},{"taxonomy":"post_tag","embeddable":true,"href":"https:\/\/www.obispado-mdp.org.ar\/a\/wp-json\/wp\/v2\/tags?post=46042"}],"curies":[{"name":"wp","href":"https:\/\/api.w.org\/{rel}","templated":true}]}}