{"id":46055,"date":"2025-04-27T15:47:00","date_gmt":"2025-04-27T18:47:00","guid":{"rendered":"https:\/\/www.obispado-mdp.org.ar\/a\/?p=46055"},"modified":"2025-04-28T15:49:32","modified_gmt":"2025-04-28T18:49:32","slug":"ante-mas-de-cien-directivos-de-escuelas-del-obispado-monsenor-giobando-invito-a-un-nuevo-pacto-educativo","status":"publish","type":"post","link":"https:\/\/www.obispado-mdp.org.ar\/a\/ante-mas-de-cien-directivos-de-escuelas-del-obispado-monsenor-giobando-invito-a-un-nuevo-pacto-educativo\/","title":{"rendered":"<strong>Ante m\u00e1s de cien directivos de escuelas del Obispado, monse\u00f1or Giobando invit\u00f3 a un nuevo \u201cpacto educativo\u201d<\/strong>"},"content":{"rendered":"\n<p>En el marco del encuentro anual de equipos de conducci\u00f3n de escuelas del Obispado que se desarroll\u00f3 en el Hotel 13 de Julio, el obispo diocesano, monse\u00f1or Ernesto Giobando sj. tuvo a cargo la charla inaugural, que se bas\u00f3 en el Pacto Educativo Global propuesto por el papa Francisco y en el documento del Dicasterio para la Cultura y la Educaci\u00f3n de la Santa Sede.&nbsp;<\/p>\n\n\n\n<p>El encuentro tuvo como finalidad principal adem\u00e1s de favorecer el encuentro fraterno entre los integrantes de los equipos de conducci\u00f3n (representantes legales, directores y vices, secretarios, coordinadores de pastoral y sacerdotes), la reforma del Ideario de las Escuelas del Obispado.<\/p>\n\n\n\n<p>En esta l\u00ednea, el Obispo afirm\u00f3 que \u201cel centro debe ser siempre la persona, y que nuestras escuelas tienen que saber recibir la vida como viene\u201d, a la vez que puntualiz\u00f3 que \u201ces necesario un nuevo pacto que podamos elaborar juntos, sabiendo dejar atr\u00e1s, con espiritualidad exodal, las certezas que fueron v\u00e1lidas pero que no responden a las nuevas necesidades y desaf\u00edos, para lo cual ser\u00e1 necesaria una conversi\u00f3n personal y comunitaria.\u201d<\/p>\n\n\n\n<p>La agenda del primer d\u00eda continu\u00f3 con una breve exposici\u00f3n por parte de los integrantes del \u00c1rea de Pastoral, el presb\u00edtero Gonzalo Domench y las docentes Gabriela Tumini y Vanesa del Castillo, que motiv\u00f3 un fecundo intercambio entre los presentes, sobre la tem\u00e1tica \u201cuna escuela en clave pastoral\u201d, y finaliz\u00f3 con un momento de oraci\u00f3n ante el Sant\u00edsimo Sacramento presidido por el vicario episcopal de Educaci\u00f3n, presb\u00edtero Juan Cruz Mennilli, y con la cena de camarader\u00eda.<\/p>\n\n\n\n<p>El segundo d\u00eda tras la exposici\u00f3n de los vicepresidentes de JuREC y coordinadores del Departamento de Gesti\u00f3n, Lorena Carrero y Rub\u00e9n Primo Fern\u00e1ndez, los docentes trabajaron sobre los diversos roles dentro de una instituci\u00f3n educativa y elaboraron propuestas para el pr\u00f3ximo ideario que la Junta busca elaborar de manera sinodal.<\/p>\n\n\n\n<p>El encuentro concluy\u00f3 en la Iglesia Catedral con la Misa en la que se unieron a toda la di\u00f3cesis en oraci\u00f3n por el eterno descanso del Santo Padre Francisco, en el d\u00eda de su funeral y entierro en la Bas\u00edlica Santa Mar\u00eda la Mayor en Roma.<\/p>\n\n\n\n<p>El presidente de la JuREC, Javier Sanchez, anticip\u00f3 que buscar\u00e1n \u201cpresentar el nuevo ideario en el marco del jubileo de la educaci\u00f3n que llevaremos adelante en el mes de septiembre, marcando un hito importante dentro de un largo camino diocesano al que nos sumamos con esta propuesta antes de la pandemia y que ahora se ve plasmada de manera concreta.\u201d<\/p>\n\n\n\n<figure class=\"wp-block-image size-large is-resized\"><img loading=\"lazy\" src=\"https:\/\/www.obispado-mdp.org.ar\/a\/wp-content\/uploads\/2025\/04\/WhatsApp-Image-2025-04-28-at-2.16.17-PM-1-1024x768.jpeg\" alt=\"\" class=\"wp-image-46069\" width=\"821\" height=\"615\"\/><\/figure>\n\n\n\n<figure class=\"wp-block-image size-large\"><img loading=\"lazy\" width=\"1024\" height=\"710\" src=\"https:\/\/www.obispado-mdp.org.ar\/a\/wp-content\/uploads\/2025\/04\/97b4db9e-aeb3-47db-ab59-b22c5bb88f01-1024x710.jpg\" alt=\"\" class=\"wp-image-46071\"\/><\/figure>\n\n\n\n<figure class=\"wp-block-image size-large\"><img loading=\"lazy\" width=\"1024\" height=\"512\" src=\"https:\/\/www.obispado-mdp.org.ar\/a\/wp-content\/uploads\/2025\/04\/252354ee-6186-4e7c-a9a7-489c095b90d8-1024x512.jpg\" alt=\"\" class=\"wp-image-46070\"\/><\/figure>\n\n\n\n<figure class=\"wp-block-image size-large\"><img loading=\"lazy\" width=\"1024\" height=\"630\" src=\"https:\/\/www.obispado-mdp.org.ar\/a\/wp-content\/uploads\/2025\/04\/cebe2b59-d338-4fad-aa1a-38e786e087fa-1024x630.jpg\" alt=\"\" class=\"wp-image-46072\"\/><\/figure>\n\n\n\n<figure class=\"wp-block-image size-large\"><img loading=\"lazy\" width=\"1024\" height=\"768\" src=\"https:\/\/www.obispado-mdp.org.ar\/a\/wp-content\/uploads\/2025\/04\/IMG_2815-1024x768.jpg\" alt=\"\" class=\"wp-image-46073\"\/><\/figure>\n","protected":false},"excerpt":{"rendered":"<p>En el marco del encuentro anual de equipos de conducci\u00f3n de escuelas del Obispado que se desarroll\u00f3 en el Hotel 13 de Julio, el obispo diocesano, monse\u00f1or Ernesto Giobando sj. tuvo a cargo la charla inaugural, que se bas\u00f3 en el Pacto Educativo Global propuesto por el papa Francisco y en el documento del Dicasterio [&hellip;]<\/p>\n","protected":false},"author":4,"featured_media":0,"comment_status":"open","ping_status":"open","sticky":false,"template":"","format":"standard","meta":{"_et_pb_use_builder":"","_et_pb_old_content":"","_et_gb_content_width":""},"categories":[4],"tags":[],"aioseo_notices":[],"_links":{"self":[{"href":"https:\/\/www.obispado-mdp.org.ar\/a\/wp-json\/wp\/v2\/posts\/46055"}],"collection":[{"href":"https:\/\/www.obispado-mdp.org.ar\/a\/wp-json\/wp\/v2\/posts"}],"about":[{"href":"https:\/\/www.obispado-mdp.org.ar\/a\/wp-json\/wp\/v2\/types\/post"}],"author":[{"embeddable":true,"href":"https:\/\/www.obispado-mdp.org.ar\/a\/wp-json\/wp\/v2\/users\/4"}],"replies":[{"embeddable":true,"href":"https:\/\/www.obispado-mdp.org.ar\/a\/wp-json\/wp\/v2\/comments?post=46055"}],"version-history":[{"count":2,"href":"https:\/\/www.obispado-mdp.org.ar\/a\/wp-json\/wp\/v2\/posts\/46055\/revisions"}],"predecessor-version":[{"id":46075,"href":"https:\/\/www.obispado-mdp.org.ar\/a\/wp-json\/wp\/v2\/posts\/46055\/revisions\/46075"}],"wp:attachment":[{"href":"https:\/\/www.obispado-mdp.org.ar\/a\/wp-json\/wp\/v2\/media?parent=46055"}],"wp:term":[{"taxonomy":"category","embeddable":true,"href":"https:\/\/www.obispado-mdp.org.ar\/a\/wp-json\/wp\/v2\/categories?post=46055"},{"taxonomy":"post_tag","embeddable":true,"href":"https:\/\/www.obispado-mdp.org.ar\/a\/wp-json\/wp\/v2\/tags?post=46055"}],"curies":[{"name":"wp","href":"https:\/\/api.w.org\/{rel}","templated":true}]}}