{"id":46076,"date":"2025-04-28T15:59:09","date_gmt":"2025-04-28T18:59:09","guid":{"rendered":"https:\/\/www.obispado-mdp.org.ar\/a\/?p=46076"},"modified":"2025-04-28T16:11:34","modified_gmt":"2025-04-28T19:11:34","slug":"patronales-del-santuario-jesus-misericordioso","status":"publish","type":"post","link":"https:\/\/www.obispado-mdp.org.ar\/a\/patronales-del-santuario-jesus-misericordioso\/","title":{"rendered":"Patronales del Santuario Jes\u00fas Misericordioso"},"content":{"rendered":"\n<p>En el segundo domingo de Pascua, instituido como \u201cDomingo de la Divina Misericordia\u201d por parte del Papa San Juan Pablo II, el Santuario Jes\u00fas Misericordioso celebr\u00f3 su fiesta con diversas actividades. La Misa central fue presidida por el obispo, monse\u00f1or Ernesto Giobando, en horas de la tarde, aunque tambi\u00e9n hubo una Misa por la ma\u00f1ana y durante el d\u00eda varios sacerdotes se turnaron para ofrecer el sacramento de la reconciliaci\u00f3n.<\/p>\n\n\n\n<p>El cronograma de ese d\u00eda de fiesta para esa comunidad ubicada en una zona cercana al Bosque Peralta Ramos, se complet\u00f3 con la Adoraci\u00f3n al Sant\u00edsimo entre la Misa matutina, el rezo de la Coronilla de la Divina Misericordia y la procesi\u00f3n que se llev\u00f3 adelante antes de la Misa vespertina.<\/p>\n\n\n\n<p>El Obispo se refiri\u00f3 en su pr\u00e9dica a la fe de las mujeres que fueron al sepulcro y a las dudas de algunos de los ap\u00f3stoles, a la luz del Evangelio que se proclam\u00f3. Tambi\u00e9n hizo referencia al papa Francisco, invitando a los presentes a leer sus escritos y reflexionarlos.<\/p>\n\n\n\n<p>Finalizada la celebraci\u00f3n, la Banda Militar de M\u00fasica de la Base Naval Mar del Plata ameniz\u00f3 la Jornada interpretando diversas piezas del repertorio castrense como as\u00ed tambi\u00e9n de la m\u00fasica popular.<\/p>\n\n\n\n<figure class=\"wp-block-image size-large\"><img loading=\"lazy\" width=\"1024\" height=\"768\" src=\"https:\/\/www.obispado-mdp.org.ar\/a\/wp-content\/uploads\/2025\/04\/Para-nombramientos-WEB-5-7-1024x768.png\" alt=\"\" class=\"wp-image-46080\"\/><\/figure>\n\n\n\n<figure class=\"wp-block-image size-full is-resized\"><img loading=\"lazy\" src=\"https:\/\/www.obispado-mdp.org.ar\/a\/wp-content\/uploads\/2025\/04\/PHOTO-2025-04-27-23-43-21.jpg\" alt=\"\" class=\"wp-image-46077\" width=\"820\" height=\"1093\"\/><\/figure>\n\n\n\n<figure class=\"wp-block-image size-full is-resized\"><img loading=\"lazy\" src=\"https:\/\/www.obispado-mdp.org.ar\/a\/wp-content\/uploads\/2025\/04\/PHOTO-2025-04-27-23-43-20.jpg\" alt=\"\" class=\"wp-image-46078\" width=\"818\" height=\"1091\"\/><\/figure>\n\n\n\n<figure class=\"wp-block-image size-full is-resized\"><img loading=\"lazy\" src=\"https:\/\/www.obispado-mdp.org.ar\/a\/wp-content\/uploads\/2025\/04\/PHOTO-2025-04-27-23-43-17_1-1.jpg\" alt=\"\" class=\"wp-image-46089\" width=\"818\" height=\"1091\"\/><\/figure>\n\n\n\n<figure class=\"wp-block-image size-full is-resized\"><img loading=\"lazy\" src=\"https:\/\/www.obispado-mdp.org.ar\/a\/wp-content\/uploads\/2025\/04\/PHOTO-2025-04-27-23-43-18.jpg\" alt=\"\" class=\"wp-image-46086\" width=\"820\" height=\"615\"\/><\/figure>\n\n\n\n<figure class=\"wp-block-image size-full is-resized\"><img loading=\"lazy\" src=\"https:\/\/www.obispado-mdp.org.ar\/a\/wp-content\/uploads\/2025\/04\/PHOTO-2025-04-27-23-43-18-1.jpg\" alt=\"\" class=\"wp-image-46087\" width=\"826\" height=\"620\"\/><\/figure>\n","protected":false},"excerpt":{"rendered":"<p>En el segundo domingo de Pascua, instituido como \u201cDomingo de la Divina Misericordia\u201d por parte del Papa San Juan Pablo II, el Santuario Jes\u00fas Misericordioso celebr\u00f3 su fiesta con diversas actividades. La Misa central fue presidida por el obispo, monse\u00f1or Ernesto Giobando, en horas de la tarde, aunque tambi\u00e9n hubo una Misa por la ma\u00f1ana [&hellip;]<\/p>\n","protected":false},"author":4,"featured_media":0,"comment_status":"open","ping_status":"open","sticky":false,"template":"","format":"standard","meta":{"_et_pb_use_builder":"","_et_pb_old_content":"","_et_gb_content_width":""},"categories":[4],"tags":[],"aioseo_notices":[],"_links":{"self":[{"href":"https:\/\/www.obispado-mdp.org.ar\/a\/wp-json\/wp\/v2\/posts\/46076"}],"collection":[{"href":"https:\/\/www.obispado-mdp.org.ar\/a\/wp-json\/wp\/v2\/posts"}],"about":[{"href":"https:\/\/www.obispado-mdp.org.ar\/a\/wp-json\/wp\/v2\/types\/post"}],"author":[{"embeddable":true,"href":"https:\/\/www.obispado-mdp.org.ar\/a\/wp-json\/wp\/v2\/users\/4"}],"replies":[{"embeddable":true,"href":"https:\/\/www.obispado-mdp.org.ar\/a\/wp-json\/wp\/v2\/comments?post=46076"}],"version-history":[{"count":3,"href":"https:\/\/www.obispado-mdp.org.ar\/a\/wp-json\/wp\/v2\/posts\/46076\/revisions"}],"predecessor-version":[{"id":46090,"href":"https:\/\/www.obispado-mdp.org.ar\/a\/wp-json\/wp\/v2\/posts\/46076\/revisions\/46090"}],"wp:attachment":[{"href":"https:\/\/www.obispado-mdp.org.ar\/a\/wp-json\/wp\/v2\/media?parent=46076"}],"wp:term":[{"taxonomy":"category","embeddable":true,"href":"https:\/\/www.obispado-mdp.org.ar\/a\/wp-json\/wp\/v2\/categories?post=46076"},{"taxonomy":"post_tag","embeddable":true,"href":"https:\/\/www.obispado-mdp.org.ar\/a\/wp-json\/wp\/v2\/tags?post=46076"}],"curies":[{"name":"wp","href":"https:\/\/api.w.org\/{rel}","templated":true}]}}