{"id":46091,"date":"2025-04-29T13:12:46","date_gmt":"2025-04-29T16:12:46","guid":{"rendered":"https:\/\/www.obispado-mdp.org.ar\/a\/?p=46091"},"modified":"2025-04-29T13:12:47","modified_gmt":"2025-04-29T16:12:47","slug":"la-casa-de-libertad-y-misericordia-celebro-su-7mo-aniversario-junto-al-obispo","status":"publish","type":"post","link":"https:\/\/www.obispado-mdp.org.ar\/a\/la-casa-de-libertad-y-misericordia-celebro-su-7mo-aniversario-junto-al-obispo\/","title":{"rendered":"<strong>La \u201cCasa de Libertad y Misericordia\u201d celebr\u00f3 su 7mo. aniversario junto al Obispo<\/strong>"},"content":{"rendered":"\n<p>Una festiva celebraci\u00f3n se desarroll\u00f3 en la \u201cCasa de Libertad y Misericordia\u201d, para celebrar su 7mo. aniversario. All\u00ed, junto a las personas que -bajo la coordinaci\u00f3n de la Hna. Elena Kuc- buscan reinsertarse en la sociedad tras haber estado privados de su libertad, el Obispo presidi\u00f3 la Eucarist\u00eda, en la que evocaron la figura del Papa Francisco, quien dio un gran impulso a la Familia Grande del Hogar de Cristo.<\/p>\n\n\n\n<p>Adem\u00e1s de la celebraci\u00f3n de la Misa, el festejo incluy\u00f3 diversas actividades tanto comunitarias como culturales, que permitieron fomentar los v\u00ednculos entre quienes forman parte de esa Casa y la comunidad en general, que particip\u00f3 activamente de la celebraci\u00f3n.<\/p>\n\n\n\n<p>El Obispo invit\u00f3 al comentar el Evangelio de la Misa, a que esa Casa sea \u201cun lugar donde tambi\u00e9n se puedan sanar heridas\u201d e inst\u00f3 a \u201cmirar a Jes\u00fas Misericordioso y pedirle que nuestro coraz\u00f3n sea semejante al suyo.\u201d<\/p>\n\n\n\n<p><\/p>\n\n\n\n<figure class=\"wp-block-image size-large\"><img loading=\"lazy\" width=\"1024\" height=\"460\" src=\"https:\/\/www.obispado-mdp.org.ar\/a\/wp-content\/uploads\/2025\/04\/PHOTO-2025-04-27-20-42-37-1024x460.jpg\" alt=\"\" class=\"wp-image-46092\"\/><\/figure>\n\n\n\n<figure class=\"wp-block-image size-large\"><img loading=\"lazy\" width=\"1024\" height=\"576\" src=\"https:\/\/www.obispado-mdp.org.ar\/a\/wp-content\/uploads\/2025\/04\/PHOTO-2025-04-27-20-42-39-1-1024x576.jpg\" alt=\"\" class=\"wp-image-46093\"\/><\/figure>\n\n\n\n<figure class=\"wp-block-image size-large\"><img loading=\"lazy\" width=\"1024\" height=\"576\" src=\"https:\/\/www.obispado-mdp.org.ar\/a\/wp-content\/uploads\/2025\/04\/PHOTO-2025-04-27-20-42-41-1024x576.jpg\" alt=\"\" class=\"wp-image-46094\"\/><\/figure>\n\n\n\n<figure class=\"wp-block-image size-large is-resized\"><img loading=\"lazy\" src=\"https:\/\/www.obispado-mdp.org.ar\/a\/wp-content\/uploads\/2025\/04\/PHOTO-2025-04-27-20-42-38-1-576x1024.jpg\" alt=\"\" class=\"wp-image-46095\" width=\"818\" height=\"1454\"\/><\/figure>\n","protected":false},"excerpt":{"rendered":"<p>Una festiva celebraci\u00f3n se desarroll\u00f3 en la \u201cCasa de Libertad y Misericordia\u201d, para celebrar su 7mo. aniversario. All\u00ed, junto a las personas que -bajo la coordinaci\u00f3n de la Hna. Elena Kuc- buscan reinsertarse en la sociedad tras haber estado privados de su libertad, el Obispo presidi\u00f3 la Eucarist\u00eda, en la que evocaron la figura del [&hellip;]<\/p>\n","protected":false},"author":4,"featured_media":0,"comment_status":"open","ping_status":"open","sticky":false,"template":"","format":"standard","meta":{"_et_pb_use_builder":"","_et_pb_old_content":"","_et_gb_content_width":""},"categories":[4],"tags":[],"aioseo_notices":[],"_links":{"self":[{"href":"https:\/\/www.obispado-mdp.org.ar\/a\/wp-json\/wp\/v2\/posts\/46091"}],"collection":[{"href":"https:\/\/www.obispado-mdp.org.ar\/a\/wp-json\/wp\/v2\/posts"}],"about":[{"href":"https:\/\/www.obispado-mdp.org.ar\/a\/wp-json\/wp\/v2\/types\/post"}],"author":[{"embeddable":true,"href":"https:\/\/www.obispado-mdp.org.ar\/a\/wp-json\/wp\/v2\/users\/4"}],"replies":[{"embeddable":true,"href":"https:\/\/www.obispado-mdp.org.ar\/a\/wp-json\/wp\/v2\/comments?post=46091"}],"version-history":[{"count":1,"href":"https:\/\/www.obispado-mdp.org.ar\/a\/wp-json\/wp\/v2\/posts\/46091\/revisions"}],"predecessor-version":[{"id":46096,"href":"https:\/\/www.obispado-mdp.org.ar\/a\/wp-json\/wp\/v2\/posts\/46091\/revisions\/46096"}],"wp:attachment":[{"href":"https:\/\/www.obispado-mdp.org.ar\/a\/wp-json\/wp\/v2\/media?parent=46091"}],"wp:term":[{"taxonomy":"category","embeddable":true,"href":"https:\/\/www.obispado-mdp.org.ar\/a\/wp-json\/wp\/v2\/categories?post=46091"},{"taxonomy":"post_tag","embeddable":true,"href":"https:\/\/www.obispado-mdp.org.ar\/a\/wp-json\/wp\/v2\/tags?post=46091"}],"curies":[{"name":"wp","href":"https:\/\/api.w.org\/{rel}","templated":true}]}}