{"id":46335,"date":"2025-05-16T17:21:00","date_gmt":"2025-05-16T20:21:00","guid":{"rendered":"https:\/\/www.obispado-mdp.org.ar\/a\/?p=46335"},"modified":"2025-05-19T10:16:00","modified_gmt":"2025-05-19T13:16:00","slug":"el-obispo-firmo-un-convenio-para-consolidar-el-trabajo-pastoral-en-el-penal-de-batan","status":"publish","type":"post","link":"https:\/\/www.obispado-mdp.org.ar\/a\/el-obispo-firmo-un-convenio-para-consolidar-el-trabajo-pastoral-en-el-penal-de-batan\/","title":{"rendered":"El Obispo firm\u00f3 un convenio para consolidar el trabajo pastoral en el Penal de Bat\u00e1n"},"content":{"rendered":"\n<p>El obispo de Mar del Plata, monse\u00f1or Ernesto Giobando sj., firm\u00f3 en la tarde del viernes 16 en representaci\u00f3n del Obispado un convenio con el Ministerio de Justicia y Derechos Humanos de la Provincia de Buenos Aires, representado por el ministro Mart\u00edn Mena, en el que se dio respaldo a todas las actividades, cursos y talleres que llevan adelante las Comunidades de Pastoral Universitaria en la Unidad 15 de Bat\u00e1n del Servicio Penitenciario Bonaerense (SPB).<\/p>\n\n\n\n<p>El convenio firmado establece un marco de mutua colaboraci\u00f3n en el que, a trav\u00e9s del SPB,&nbsp; se buscar\u00e1 garantizar el espacio f\u00edsico necesario -tanto en la actualidad como el que en el futuro pueda ser necesario- para el desarrollo de actividades que beneficien y acompa\u00f1en las trayectorias educativas de las personas privadas de su libertad.<\/p>\n\n\n\n<p>El CPU de Bat\u00e1n recibe semanalmente en sus diferentes talleres y cursos entre 200 y 300 internos provenientes de distintos pabellones.<\/p>\n\n\n\n<p>Dicho espacio es un centro educativo alternativo dentro del r\u00e9gimen cerrado de la Unidad Penal 15 de Bat\u00e1n, autogestionado por la Pastoral Carcelaria de nuestra di\u00f3cesis, con aval y reconocimiento por parte de la Capellan\u00eda General del Servicio Penitenciario Bonaerense.<\/p>\n\n\n\n<p>Vale recordar, que el CPU de Mar del Plata funciona desde 2013 en un espacio especialmente creado para el estudio, reflexi\u00f3n y debate dentro del \u00e1mbito universitario. El grupo se constituy\u00f3 a trav\u00e9s de una asamblea de internos que se rigen por estatutos, cuentan con un consejo directivo, y funcionan en el Sector Penal de la Unidad Penitenciaria 15 de Bat\u00e1n.<\/p>\n\n\n\n<figure class=\"wp-block-image size-large\"><img loading=\"lazy\" width=\"1024\" height=\"683\" src=\"https:\/\/www.obispado-mdp.org.ar\/a\/wp-content\/uploads\/2025\/05\/PHOTO-2025-05-16-19-41-47_2-1024x683.jpg\" alt=\"\" class=\"wp-image-46428\"\/><\/figure>\n\n\n\n<figure class=\"wp-block-image size-large\"><img loading=\"lazy\" width=\"1024\" height=\"683\" src=\"https:\/\/www.obispado-mdp.org.ar\/a\/wp-content\/uploads\/2025\/05\/PHOTO-2025-05-16-19-41-47_1-1024x683.jpg\" alt=\"\" class=\"wp-image-46426\"\/><\/figure>\n\n\n\n<figure class=\"wp-block-image size-large is-resized\"><img loading=\"lazy\" src=\"https:\/\/www.obispado-mdp.org.ar\/a\/wp-content\/uploads\/2025\/05\/PHOTO-2025-05-16-19-41-47-683x1024.jpg\" alt=\"\" class=\"wp-image-46427\" width=\"821\" height=\"1231\"\/><\/figure>\n\n\n\n<figure class=\"wp-block-image size-large\"><img loading=\"lazy\" width=\"1024\" height=\"683\" src=\"https:\/\/www.obispado-mdp.org.ar\/a\/wp-content\/uploads\/2025\/05\/PHOTO-2025-05-16-19-41-46-1024x683.jpg\" alt=\"\" class=\"wp-image-46429\"\/><\/figure>\n\n\n\n<figure class=\"wp-block-image\"><img alt=\"\"\/><\/figure>\n","protected":false},"excerpt":{"rendered":"<p>El obispo de Mar del Plata, monse\u00f1or Ernesto Giobando sj., firm\u00f3 en la tarde del viernes 16 en representaci\u00f3n del Obispado un convenio con el Ministerio de Justicia y Derechos Humanos de la Provincia de Buenos Aires, representado por el ministro Mart\u00edn Mena, en el que se dio respaldo a todas las actividades, cursos y [&hellip;]<\/p>\n","protected":false},"author":4,"featured_media":0,"comment_status":"open","ping_status":"open","sticky":false,"template":"","format":"standard","meta":{"_et_pb_use_builder":"","_et_pb_old_content":"","_et_gb_content_width":""},"categories":[4],"tags":[],"aioseo_notices":[],"_links":{"self":[{"href":"https:\/\/www.obispado-mdp.org.ar\/a\/wp-json\/wp\/v2\/posts\/46335"}],"collection":[{"href":"https:\/\/www.obispado-mdp.org.ar\/a\/wp-json\/wp\/v2\/posts"}],"about":[{"href":"https:\/\/www.obispado-mdp.org.ar\/a\/wp-json\/wp\/v2\/types\/post"}],"author":[{"embeddable":true,"href":"https:\/\/www.obispado-mdp.org.ar\/a\/wp-json\/wp\/v2\/users\/4"}],"replies":[{"embeddable":true,"href":"https:\/\/www.obispado-mdp.org.ar\/a\/wp-json\/wp\/v2\/comments?post=46335"}],"version-history":[{"count":2,"href":"https:\/\/www.obispado-mdp.org.ar\/a\/wp-json\/wp\/v2\/posts\/46335\/revisions"}],"predecessor-version":[{"id":46430,"href":"https:\/\/www.obispado-mdp.org.ar\/a\/wp-json\/wp\/v2\/posts\/46335\/revisions\/46430"}],"wp:attachment":[{"href":"https:\/\/www.obispado-mdp.org.ar\/a\/wp-json\/wp\/v2\/media?parent=46335"}],"wp:term":[{"taxonomy":"category","embeddable":true,"href":"https:\/\/www.obispado-mdp.org.ar\/a\/wp-json\/wp\/v2\/categories?post=46335"},{"taxonomy":"post_tag","embeddable":true,"href":"https:\/\/www.obispado-mdp.org.ar\/a\/wp-json\/wp\/v2\/tags?post=46335"}],"curies":[{"name":"wp","href":"https:\/\/api.w.org\/{rel}","templated":true}]}}