{"id":46338,"date":"2025-05-12T10:39:19","date_gmt":"2025-05-12T13:39:19","guid":{"rendered":"https:\/\/www.obispado-mdp.org.ar\/a\/?p=46338"},"modified":"2025-05-12T10:43:15","modified_gmt":"2025-05-12T13:43:15","slug":"declaracion-suscripta-por-la-pastoral-social-en-relacion-a-la-situacion-de-las-personas-con-discapacidad-en-argentina","status":"publish","type":"post","link":"https:\/\/www.obispado-mdp.org.ar\/a\/declaracion-suscripta-por-la-pastoral-social-en-relacion-a-la-situacion-de-las-personas-con-discapacidad-en-argentina\/","title":{"rendered":"Declaraci\u00f3n suscripta por la Pastoral Social en relaci\u00f3n a la situaci\u00f3n de las Personas con Discapacidad en Argentina"},"content":{"rendered":"\n<p>Descarg\u00e1 el documento ac\u00e1: <a href=\"https:\/\/shre.ink\/eFyJ\">https:\/\/shre.ink\/eFyJ<\/a><\/p>\n\n\n\n<figure class=\"wp-block-image size-full\"><img loading=\"lazy\" width=\"759\" height=\"400\" src=\"https:\/\/www.obispado-mdp.org.ar\/a\/wp-content\/uploads\/2025\/05\/Pastoral-Social-Argentina.png\" alt=\"\" class=\"wp-image-46339\"\/><\/figure>\n","protected":false},"excerpt":{"rendered":"<p>Descarg\u00e1 el documento ac\u00e1: https:\/\/shre.ink\/eFyJ<\/p>\n","protected":false},"author":4,"featured_media":0,"comment_status":"open","ping_status":"open","sticky":false,"template":"","format":"standard","meta":{"_et_pb_use_builder":"","_et_pb_old_content":"","_et_gb_content_width":""},"categories":[4],"tags":[],"aioseo_notices":[],"_links":{"self":[{"href":"https:\/\/www.obispado-mdp.org.ar\/a\/wp-json\/wp\/v2\/posts\/46338"}],"collection":[{"href":"https:\/\/www.obispado-mdp.org.ar\/a\/wp-json\/wp\/v2\/posts"}],"about":[{"href":"https:\/\/www.obispado-mdp.org.ar\/a\/wp-json\/wp\/v2\/types\/post"}],"author":[{"embeddable":true,"href":"https:\/\/www.obispado-mdp.org.ar\/a\/wp-json\/wp\/v2\/users\/4"}],"replies":[{"embeddable":true,"href":"https:\/\/www.obispado-mdp.org.ar\/a\/wp-json\/wp\/v2\/comments?post=46338"}],"version-history":[{"count":3,"href":"https:\/\/www.obispado-mdp.org.ar\/a\/wp-json\/wp\/v2\/posts\/46338\/revisions"}],"predecessor-version":[{"id":46345,"href":"https:\/\/www.obispado-mdp.org.ar\/a\/wp-json\/wp\/v2\/posts\/46338\/revisions\/46345"}],"wp:attachment":[{"href":"https:\/\/www.obispado-mdp.org.ar\/a\/wp-json\/wp\/v2\/media?parent=46338"}],"wp:term":[{"taxonomy":"category","embeddable":true,"href":"https:\/\/www.obispado-mdp.org.ar\/a\/wp-json\/wp\/v2\/categories?post=46338"},{"taxonomy":"post_tag","embeddable":true,"href":"https:\/\/www.obispado-mdp.org.ar\/a\/wp-json\/wp\/v2\/tags?post=46338"}],"curies":[{"name":"wp","href":"https:\/\/api.w.org\/{rel}","templated":true}]}}