{"id":46346,"date":"2025-05-14T19:31:09","date_gmt":"2025-05-14T22:31:09","guid":{"rendered":"https:\/\/www.obispado-mdp.org.ar\/a\/?p=46346"},"modified":"2025-05-14T19:31:11","modified_gmt":"2025-05-14T22:31:11","slug":"jornada-del-buen-pastor-2025-llamados-a-ser-protagonistas","status":"publish","type":"post","link":"https:\/\/www.obispado-mdp.org.ar\/a\/jornada-del-buen-pastor-2025-llamados-a-ser-protagonistas\/","title":{"rendered":"Jornada del Buen Pastor 2025: \u201cLlamados a ser protagonistas\u201d"},"content":{"rendered":"\n<p>Como cada a\u00f1o, j\u00f3venes de la di\u00f3cesis participaron el\u00a0 pasado 11 de mayo, IV Domingo del tiempo de Pascua, de la Jornada del Buen Pastor organizada por la Pastoral Vocacional Diocesana. En esta ocasi\u00f3n, m\u00e1s de 100 j\u00f3venes compartieron talleres, momentos de oraci\u00f3n y la celebraci\u00f3n de la Eucarist\u00eda que presidi\u00f3 el asesor de esa pastoral, presb\u00edtero Juan Pablo Arrachea, en el Monasterio de las Hermanas Carmelitas Descalzas.<\/p>\n\n\n\n<p>El obispo diocesano, monse\u00f1or Ernesto Giobando sj., dirigi\u00f3 un mensaje a los participantes, en el que los alent\u00f3 a \u201cser protagonistas de nuestra vida entreg\u00e1ndonos en el infinito amor de Jes\u00fas, el Buen Pastor que nos conduce a las verdes praderas\u201d.\u00a0<\/p>\n\n\n\n<p><\/p>\n\n\n\n<figure class=\"wp-block-image size-large\"><img loading=\"lazy\" width=\"1024\" height=\"768\" src=\"https:\/\/www.obispado-mdp.org.ar\/a\/wp-content\/uploads\/2025\/05\/PHOTO-2025-05-13-14-14-36_2-1024x768.jpg\" alt=\"\" class=\"wp-image-46347\"\/><\/figure>\n\n\n\n<figure class=\"wp-block-image size-large is-resized\"><img loading=\"lazy\" src=\"https:\/\/www.obispado-mdp.org.ar\/a\/wp-content\/uploads\/2025\/05\/PHOTO-2025-05-13-14-14-39_1-768x1024.jpg\" alt=\"\" class=\"wp-image-46348\" width=\"822\" height=\"1096\"\/><\/figure>\n\n\n\n<figure class=\"wp-block-image size-large is-resized\"><img loading=\"lazy\" src=\"https:\/\/www.obispado-mdp.org.ar\/a\/wp-content\/uploads\/2025\/05\/PHOTO-2025-05-13-14-14-38_3-768x1024.jpg\" alt=\"\" class=\"wp-image-46349\" width=\"824\" height=\"1099\"\/><\/figure>\n\n\n\n<figure class=\"wp-block-image size-large is-resized\"><img loading=\"lazy\" src=\"https:\/\/www.obispado-mdp.org.ar\/a\/wp-content\/uploads\/2025\/05\/PHOTO-2025-05-13-14-14-38-768x1024.jpg\" alt=\"\" class=\"wp-image-46353\" width=\"820\" height=\"1093\"\/><\/figure>\n\n\n\n<figure class=\"wp-block-image size-large is-resized\"><img loading=\"lazy\" src=\"https:\/\/www.obispado-mdp.org.ar\/a\/wp-content\/uploads\/2025\/05\/PHOTO-2025-05-13-14-14-36_1-768x1024.jpg\" alt=\"\" class=\"wp-image-46350\" width=\"823\" height=\"1097\"\/><\/figure>\n\n\n\n<figure class=\"wp-block-image size-large is-resized\"><img loading=\"lazy\" src=\"https:\/\/www.obispado-mdp.org.ar\/a\/wp-content\/uploads\/2025\/05\/PHOTO-2025-05-13-14-14-39-768x1024.jpg\" alt=\"\" class=\"wp-image-46351\" width=\"820\" height=\"1093\"\/><\/figure>\n\n\n\n<figure class=\"wp-block-image size-large is-resized\"><img loading=\"lazy\" src=\"https:\/\/www.obispado-mdp.org.ar\/a\/wp-content\/uploads\/2025\/05\/PHOTO-2025-05-13-14-14-40-768x1024.jpg\" alt=\"\" class=\"wp-image-46352\" width=\"820\" height=\"1093\"\/><\/figure>\n","protected":false},"excerpt":{"rendered":"<p>Como cada a\u00f1o, j\u00f3venes de la di\u00f3cesis participaron el\u00a0 pasado 11 de mayo, IV Domingo del tiempo de Pascua, de la Jornada del Buen Pastor organizada por la Pastoral Vocacional Diocesana. En esta ocasi\u00f3n, m\u00e1s de 100 j\u00f3venes compartieron talleres, momentos de oraci\u00f3n y la celebraci\u00f3n de la Eucarist\u00eda que presidi\u00f3 el asesor de esa [&hellip;]<\/p>\n","protected":false},"author":4,"featured_media":0,"comment_status":"open","ping_status":"open","sticky":false,"template":"","format":"standard","meta":{"_et_pb_use_builder":"","_et_pb_old_content":"","_et_gb_content_width":""},"categories":[4],"tags":[],"aioseo_notices":[],"_links":{"self":[{"href":"https:\/\/www.obispado-mdp.org.ar\/a\/wp-json\/wp\/v2\/posts\/46346"}],"collection":[{"href":"https:\/\/www.obispado-mdp.org.ar\/a\/wp-json\/wp\/v2\/posts"}],"about":[{"href":"https:\/\/www.obispado-mdp.org.ar\/a\/wp-json\/wp\/v2\/types\/post"}],"author":[{"embeddable":true,"href":"https:\/\/www.obispado-mdp.org.ar\/a\/wp-json\/wp\/v2\/users\/4"}],"replies":[{"embeddable":true,"href":"https:\/\/www.obispado-mdp.org.ar\/a\/wp-json\/wp\/v2\/comments?post=46346"}],"version-history":[{"count":2,"href":"https:\/\/www.obispado-mdp.org.ar\/a\/wp-json\/wp\/v2\/posts\/46346\/revisions"}],"predecessor-version":[{"id":46355,"href":"https:\/\/www.obispado-mdp.org.ar\/a\/wp-json\/wp\/v2\/posts\/46346\/revisions\/46355"}],"wp:attachment":[{"href":"https:\/\/www.obispado-mdp.org.ar\/a\/wp-json\/wp\/v2\/media?parent=46346"}],"wp:term":[{"taxonomy":"category","embeddable":true,"href":"https:\/\/www.obispado-mdp.org.ar\/a\/wp-json\/wp\/v2\/categories?post=46346"},{"taxonomy":"post_tag","embeddable":true,"href":"https:\/\/www.obispado-mdp.org.ar\/a\/wp-json\/wp\/v2\/tags?post=46346"}],"curies":[{"name":"wp","href":"https:\/\/api.w.org\/{rel}","templated":true}]}}