{"id":46356,"date":"2025-05-13T16:39:00","date_gmt":"2025-05-13T19:39:00","guid":{"rendered":"https:\/\/www.obispado-mdp.org.ar\/a\/?p=46356"},"modified":"2025-05-16T20:24:41","modified_gmt":"2025-05-16T23:24:41","slug":"fiesta-de-fatima","status":"publish","type":"post","link":"https:\/\/www.obispado-mdp.org.ar\/a\/fiesta-de-fatima\/","title":{"rendered":"Fiesta de F\u00e1tima"},"content":{"rendered":"\n<p>Con gran devoci\u00f3n, cientos de fieles participaron en la Parroquia Nuestra Se\u00f1ora de F\u00e1tima de su Fiesta Patronal, recordando un nuevo aniversario de aquel 13 de mayo de 1917 en el que la Virgen se apareci\u00f3 a unos humildes pastorcitos en F\u00e1tima (Portugal).<\/p>\n\n\n\n<p>La celebraci\u00f3n central estuvo presidida por el obispo diocesano, monse\u00f1or Ernesto Giobando sj., quien adem\u00e1s de referirse con sentidas palabras a la advocaci\u00f3n de F\u00e1tima, dirigi\u00f3 tambi\u00e9n un mensaje a la comunidad parroquial y en clara referencia al nuevo pontificado felicit\u00f3 a la comunidad agustiniana por la elecci\u00f3n del Papa Le\u00f3n XIV, miembro de la \u201cfamilia de San Agustin\u201d.<\/p>\n\n\n\n<p>Asimismo inst\u00f3 a los fieles presentes a reconocer y meditar en torno al \u201clegado del Papa, quien dialog\u00f3 con todos, recibi\u00f3 a todos y perdon\u00f3 a todos.\u201d \u201cEn una sociedad tan herida y fragmentada, escuchemos a los j\u00f3venes que son los que m\u00e1s han abrazado a Francisco con un amor real y sincero\u201d, exhort\u00f3.<\/p>\n\n\n\n<p><\/p>\n\n\n\n<figure class=\"wp-block-image\"><img alt=\"\"\/><\/figure>\n\n\n\n<figure class=\"wp-block-image size-large\"><img loading=\"lazy\" width=\"1024\" height=\"768\" src=\"https:\/\/www.obispado-mdp.org.ar\/a\/wp-content\/uploads\/2025\/05\/Para-nombramientos-WEB-4-1024x768.png\" alt=\"\" class=\"wp-image-46367\"\/><\/figure>\n\n\n\n<figure class=\"wp-block-image size-large is-resized\"><img loading=\"lazy\" src=\"https:\/\/www.obispado-mdp.org.ar\/a\/wp-content\/uploads\/2025\/05\/6f9ef79d-97cf-48e2-9f61-b63cf4cd99e7-682x1024.jpg\" alt=\"\" class=\"wp-image-46358\" width=\"827\" height=\"1242\"\/><\/figure>\n\n\n\n<figure class=\"wp-block-image size-large\"><img loading=\"lazy\" width=\"1024\" height=\"682\" src=\"https:\/\/www.obispado-mdp.org.ar\/a\/wp-content\/uploads\/2025\/05\/6a450d29-d9d2-495f-93a8-7b63650429a9-1024x682.jpg\" alt=\"\" class=\"wp-image-46360\"\/><\/figure>\n\n\n\n<figure class=\"wp-block-image size-large is-resized\"><img loading=\"lazy\" src=\"https:\/\/www.obispado-mdp.org.ar\/a\/wp-content\/uploads\/2025\/05\/bc0f5168-7980-4c43-9da6-0906e6492d90-682x1024.jpg\" alt=\"\" class=\"wp-image-46365\" width=\"824\" height=\"1237\"\/><\/figure>\n\n\n\n<figure class=\"wp-block-image size-large is-resized\"><img loading=\"lazy\" src=\"https:\/\/www.obispado-mdp.org.ar\/a\/wp-content\/uploads\/2025\/05\/c88b8da7-a3dd-478d-a29b-515641792636-682x1024.jpg\" alt=\"\" class=\"wp-image-46364\" width=\"819\" height=\"1230\"\/><\/figure>\n\n\n\n<figure class=\"wp-block-image size-full\"><img loading=\"lazy\" width=\"851\" height=\"967\" src=\"https:\/\/www.obispado-mdp.org.ar\/a\/wp-content\/uploads\/2025\/05\/0eefa1c7-d60f-421b-b02e-b9f96c7bba0c.jpg\" alt=\"\" class=\"wp-image-46359\"\/><\/figure>\n\n\n\n<figure class=\"wp-block-image size-large\"><img loading=\"lazy\" width=\"1024\" height=\"682\" src=\"https:\/\/www.obispado-mdp.org.ar\/a\/wp-content\/uploads\/2025\/05\/699056e7-a842-4ee6-949e-214a93bc9f44-1024x682.jpg\" alt=\"\" class=\"wp-image-46361\"\/><\/figure>\n\n\n\n<figure class=\"wp-block-image size-large\"><img loading=\"lazy\" width=\"1024\" height=\"682\" src=\"https:\/\/www.obispado-mdp.org.ar\/a\/wp-content\/uploads\/2025\/05\/f5c34f37-c03a-4403-8a2b-0ac56ef5d973-1024x682.jpg\" alt=\"\" class=\"wp-image-46362\"\/><\/figure>\n\n\n\n<figure class=\"wp-block-image size-large\"><img loading=\"lazy\" width=\"1024\" height=\"682\" src=\"https:\/\/www.obispado-mdp.org.ar\/a\/wp-content\/uploads\/2025\/05\/61098545-207a-4bcf-9b3c-77de58a99ee9-1024x682.jpg\" alt=\"\" class=\"wp-image-46363\"\/><\/figure>\n\n\n\n<p><\/p>\n","protected":false},"excerpt":{"rendered":"<p>Con gran devoci\u00f3n, cientos de fieles participaron en la Parroquia Nuestra Se\u00f1ora de F\u00e1tima de su Fiesta Patronal, recordando un nuevo aniversario de aquel 13 de mayo de 1917 en el que la Virgen se apareci\u00f3 a unos humildes pastorcitos en F\u00e1tima (Portugal). La celebraci\u00f3n central estuvo presidida por el obispo diocesano, monse\u00f1or Ernesto Giobando [&hellip;]<\/p>\n","protected":false},"author":4,"featured_media":0,"comment_status":"open","ping_status":"open","sticky":false,"template":"","format":"standard","meta":{"_et_pb_use_builder":"","_et_pb_old_content":"","_et_gb_content_width":""},"categories":[4],"tags":[],"aioseo_notices":[],"_links":{"self":[{"href":"https:\/\/www.obispado-mdp.org.ar\/a\/wp-json\/wp\/v2\/posts\/46356"}],"collection":[{"href":"https:\/\/www.obispado-mdp.org.ar\/a\/wp-json\/wp\/v2\/posts"}],"about":[{"href":"https:\/\/www.obispado-mdp.org.ar\/a\/wp-json\/wp\/v2\/types\/post"}],"author":[{"embeddable":true,"href":"https:\/\/www.obispado-mdp.org.ar\/a\/wp-json\/wp\/v2\/users\/4"}],"replies":[{"embeddable":true,"href":"https:\/\/www.obispado-mdp.org.ar\/a\/wp-json\/wp\/v2\/comments?post=46356"}],"version-history":[{"count":4,"href":"https:\/\/www.obispado-mdp.org.ar\/a\/wp-json\/wp\/v2\/posts\/46356\/revisions"}],"predecessor-version":[{"id":46375,"href":"https:\/\/www.obispado-mdp.org.ar\/a\/wp-json\/wp\/v2\/posts\/46356\/revisions\/46375"}],"wp:attachment":[{"href":"https:\/\/www.obispado-mdp.org.ar\/a\/wp-json\/wp\/v2\/media?parent=46356"}],"wp:term":[{"taxonomy":"category","embeddable":true,"href":"https:\/\/www.obispado-mdp.org.ar\/a\/wp-json\/wp\/v2\/categories?post=46356"},{"taxonomy":"post_tag","embeddable":true,"href":"https:\/\/www.obispado-mdp.org.ar\/a\/wp-json\/wp\/v2\/tags?post=46356"}],"curies":[{"name":"wp","href":"https:\/\/api.w.org\/{rel}","templated":true}]}}