{"id":46370,"date":"2025-05-14T16:57:00","date_gmt":"2025-05-14T19:57:00","guid":{"rendered":"https:\/\/www.obispado-mdp.org.ar\/a\/?p=46370"},"modified":"2025-05-17T09:13:06","modified_gmt":"2025-05-17T12:13:06","slug":"se-celebro-la-10ma-fiesta-de-la-fe-junto-a-jardines-de-infantes-de-la-diocesis","status":"publish","type":"post","link":"https:\/\/www.obispado-mdp.org.ar\/a\/se-celebro-la-10ma-fiesta-de-la-fe-junto-a-jardines-de-infantes-de-la-diocesis\/","title":{"rendered":"<strong>Se celebr\u00f3 la 10ma. Fiesta de la Fe junto a Jardines de Infantes de la Di\u00f3cesis<\/strong>"},"content":{"rendered":"\n<p>El gimnasio de la Escuela Divino Rostro, de Mar del Plata, se visti\u00f3 este mi\u00e9rcoles de fiesta y color para celebrar la d\u00e9cima edici\u00f3n de la \u201cFiesta de la Fe\u201d que cada a\u00f1o convoca a alumnos de la tercera secci\u00f3n del nivel inicial de Jardines de Infantes de la di\u00f3cesis. En esta ocasi\u00f3n, m\u00e1s de 800 alumnos participaron del evento que se desarroll\u00f3 en ambos turnos.<\/p>\n\n\n\n<p>La organizaci\u00f3n, a cargo del \u00c1rea de Pastoral de la Junta Regional de Educaci\u00f3n Cat\u00f3lica (JuREC), cont\u00f3 esta vez con la ayuda de estudiantes de los sextos a\u00f1os de algunas escuelas secundarias, quienes colaboraron con las propuestas l\u00fadicas.<\/p>\n\n\n\n<p>El encuentro comenz\u00f3 con una festiva celebraci\u00f3n en la que los m\u00e1s peque\u00f1os recibieron la bendici\u00f3n con el agua como un signo del Bautismo, y participaron de din\u00e1micas que permitieron profundizar en la valoraci\u00f3n de este don sacramental y expresar la alegr\u00eda de ser hijos de Dios.<\/p>\n\n\n\n<p>El obispo diocesano, monse\u00f1or Ernesto Giobando sj. se hizo presente en el turno vespertino, y dirigi\u00f3 un sentido mensaje a los participantes. Tambi\u00e9n hizo entrega de un reconocimiento a quienes iniciaron con esta propuesta que ya forma parte de la agenda de eventos de la JuREC para el nivel inicial.<\/p>\n\n\n\n<p><\/p>\n\n\n\n<figure class=\"wp-block-image size-large\"><img loading=\"lazy\" width=\"1024\" height=\"768\" src=\"https:\/\/www.obispado-mdp.org.ar\/a\/wp-content\/uploads\/2025\/05\/Para-nombramientos-WEB-6-2-1024x768.png\" alt=\"\" class=\"wp-image-46383\"\/><\/figure>\n\n\n\n<figure class=\"wp-block-image size-large is-resized\"><img loading=\"lazy\" src=\"https:\/\/www.obispado-mdp.org.ar\/a\/wp-content\/uploads\/2025\/05\/WhatsApp-Image-2025-05-16-at-8.01.34-PM-1-1024x576.jpeg\" alt=\"\" class=\"wp-image-46376\" width=\"828\" height=\"465\"\/><\/figure>\n\n\n\n<figure class=\"wp-block-image size-large\"><img loading=\"lazy\" width=\"1024\" height=\"681\" src=\"https:\/\/www.obispado-mdp.org.ar\/a\/wp-content\/uploads\/2025\/05\/WhatsApp-Image-2025-05-16-at-7.36.58-PM-1024x681.jpeg\" alt=\"\" class=\"wp-image-46377\"\/><\/figure>\n\n\n\n<figure class=\"wp-block-image size-large is-resized\"><img loading=\"lazy\" src=\"https:\/\/www.obispado-mdp.org.ar\/a\/wp-content\/uploads\/2025\/05\/WhatsApp-Image-2025-05-16-at-8.01.35-PM-1-576x1024.jpeg\" alt=\"\" class=\"wp-image-46378\" width=\"821\" height=\"1460\"\/><\/figure>\n\n\n\n<figure class=\"wp-block-image size-large is-resized\"><img loading=\"lazy\" src=\"https:\/\/www.obispado-mdp.org.ar\/a\/wp-content\/uploads\/2025\/05\/WhatsApp-Image-2025-05-16-at-8.01.36-PM-768x1024.jpeg\" alt=\"\" class=\"wp-image-46379\" width=\"818\" height=\"1091\"\/><\/figure>\n\n\n\n<figure class=\"wp-block-image size-large is-resized\"><img loading=\"lazy\" src=\"https:\/\/www.obispado-mdp.org.ar\/a\/wp-content\/uploads\/2025\/05\/WhatsApp-Image-2025-05-16-at-7.36.55-PM-553x1024.jpeg\" alt=\"\" class=\"wp-image-46380\" width=\"823\" height=\"1524\"\/><\/figure>\n\n\n\n<figure class=\"wp-block-image size-large\"><img loading=\"lazy\" width=\"884\" height=\"1024\" src=\"https:\/\/www.obispado-mdp.org.ar\/a\/wp-content\/uploads\/2025\/05\/WhatsApp-Image-2025-05-16-at-7.36.54-PM-1-884x1024.jpeg\" alt=\"\" class=\"wp-image-46381\"\/><\/figure>\n\n\n\n<figure class=\"wp-block-image size-large\"><img loading=\"lazy\" width=\"896\" height=\"1024\" src=\"https:\/\/www.obispado-mdp.org.ar\/a\/wp-content\/uploads\/2025\/05\/WhatsApp-Image-2025-05-16-at-7.36.56-PM-896x1024.jpeg\" alt=\"\" class=\"wp-image-46382\"\/><\/figure>\n","protected":false},"excerpt":{"rendered":"<p>El gimnasio de la Escuela Divino Rostro, de Mar del Plata, se visti\u00f3 este mi\u00e9rcoles de fiesta y color para celebrar la d\u00e9cima edici\u00f3n de la \u201cFiesta de la Fe\u201d que cada a\u00f1o convoca a alumnos de la tercera secci\u00f3n del nivel inicial de Jardines de Infantes de la di\u00f3cesis. En esta ocasi\u00f3n, m\u00e1s de [&hellip;]<\/p>\n","protected":false},"author":4,"featured_media":0,"comment_status":"open","ping_status":"open","sticky":false,"template":"","format":"standard","meta":{"_et_pb_use_builder":"","_et_pb_old_content":"","_et_gb_content_width":""},"categories":[4],"tags":[],"aioseo_notices":[],"_links":{"self":[{"href":"https:\/\/www.obispado-mdp.org.ar\/a\/wp-json\/wp\/v2\/posts\/46370"}],"collection":[{"href":"https:\/\/www.obispado-mdp.org.ar\/a\/wp-json\/wp\/v2\/posts"}],"about":[{"href":"https:\/\/www.obispado-mdp.org.ar\/a\/wp-json\/wp\/v2\/types\/post"}],"author":[{"embeddable":true,"href":"https:\/\/www.obispado-mdp.org.ar\/a\/wp-json\/wp\/v2\/users\/4"}],"replies":[{"embeddable":true,"href":"https:\/\/www.obispado-mdp.org.ar\/a\/wp-json\/wp\/v2\/comments?post=46370"}],"version-history":[{"count":2,"href":"https:\/\/www.obispado-mdp.org.ar\/a\/wp-json\/wp\/v2\/posts\/46370\/revisions"}],"predecessor-version":[{"id":46384,"href":"https:\/\/www.obispado-mdp.org.ar\/a\/wp-json\/wp\/v2\/posts\/46370\/revisions\/46384"}],"wp:attachment":[{"href":"https:\/\/www.obispado-mdp.org.ar\/a\/wp-json\/wp\/v2\/media?parent=46370"}],"wp:term":[{"taxonomy":"category","embeddable":true,"href":"https:\/\/www.obispado-mdp.org.ar\/a\/wp-json\/wp\/v2\/categories?post=46370"},{"taxonomy":"post_tag","embeddable":true,"href":"https:\/\/www.obispado-mdp.org.ar\/a\/wp-json\/wp\/v2\/tags?post=46370"}],"curies":[{"name":"wp","href":"https:\/\/api.w.org\/{rel}","templated":true}]}}