{"id":46385,"date":"2025-05-17T18:02:27","date_gmt":"2025-05-17T21:02:27","guid":{"rendered":"https:\/\/www.obispado-mdp.org.ar\/a\/?p=46385"},"modified":"2025-05-17T18:02:32","modified_gmt":"2025-05-17T21:02:32","slug":"el-legado-de-francisco-charla-del-obispo-en-la-cgt-y-encuentro-con-el-sadop","status":"publish","type":"post","link":"https:\/\/www.obispado-mdp.org.ar\/a\/el-legado-de-francisco-charla-del-obispo-en-la-cgt-y-encuentro-con-el-sadop\/","title":{"rendered":"\u201cEl legado de Francisco\u201d: Charla del Obispo en la CGT y encuentro con el SADOP"},"content":{"rendered":"\n<p>En el marco del relanzamiento de la \u201cC\u00e1tedra Abierta de las y los Trabajadores\u201d de la Universidad Popular de la CGT, monse\u00f1or Ernesto Giobando sj. dio una charla en la sede local de la entidad gremial titulada \u201cEl legado de Francisco &#8211; De Le\u00f3n XIII a Le\u00f3n XIV\u201d, ante un colmado auditorio.<\/p>\n\n\n\n<p>En su conferencia, el Obispo hizo un repaso por los principales documentos del papa Francisco y de la Doctrina Social de la Iglesia y vincul\u00f3 sus principios con aquellos que han animado a lo largo de su historia al sindicalismo argentino. A su vez exhort\u00f3 al di\u00e1logo social y expres\u00f3 que \u201cla figura del poliedro utilizada por Francisco es una metodolog\u00eda que nos permite construir la unidad a\u00fan en la diversidad.\u201d<\/p>\n\n\n\n<p>Finalmente hizo una correlaci\u00f3n entre Le\u00f3n XIII y el contexto hist\u00f3rico de su c\u00e9lebre enc\u00edclica <em>Rerum Novarum<\/em>, con las caracter\u00edsticas del tiempo actual que seg\u00fan palabras del nuevo pont\u00edfice, Le\u00f3n XIV, lo llevaron a la elecci\u00f3n de su nombre, a la vez que pidi\u00f3 \u201cseguir reflexionando y mirando la realidad a la luz del Magisterio de la Iglesia, que tendr\u00e1 hoy en Le\u00f3n XIV un renovado impulso en la cuesti\u00f3n social.\u201d<\/p>\n\n\n\n<p>Luego de la charla el Obispo mantuvo un di\u00e1logo con los presentes, quienes formularon libremente sus preguntas, y ampliaron los temas tratados a la realidad de los jubilados, a quienes Giobando expres\u00f3 tambi\u00e9n sus palabras.<\/p>\n\n\n\n<p><strong>Encuentro con el SADOP<\/strong><\/p>\n\n\n\n<p>Ese mismo d\u00eda por la ma\u00f1ana monse\u00f1or Giobando recibi\u00f3 junto al vicario episcopal de Educaci\u00f3n, presb\u00edtero Juan Cruz Mennilli, a las autoridades locales del SADOP encabezadas por su secretaria general Carla Mancuso, y acompa\u00f1adas por el dirigente Daniel Di B\u00e1rtolo.<\/p>\n\n\n\n<p>Adem\u00e1s de abordar la situaci\u00f3n de la educaci\u00f3n, conversaron sobre el legado de Francisco y las dirigentes le obsequiaron al Obispo un ejemplar de la Enc\u00edclica Laudato SI de los 7.000 que -seg\u00fan le expresaron- imprimieron en formato diario para difundir de manera masiva.<\/p>\n\n\n\n<figure class=\"wp-block-image size-large\"><img loading=\"lazy\" width=\"1024\" height=\"768\" src=\"https:\/\/www.obispado-mdp.org.ar\/a\/wp-content\/uploads\/2025\/05\/Para-nombramientos-WEB-1-1024x768.jpg\" alt=\"\" class=\"wp-image-46391\"\/><\/figure>\n\n\n\n<figure class=\"wp-block-image size-large\"><img loading=\"lazy\" width=\"1024\" height=\"683\" src=\"https:\/\/www.obispado-mdp.org.ar\/a\/wp-content\/uploads\/2025\/05\/cgt-catedra-abierta-12-1024x683.jpg\" alt=\"\" class=\"wp-image-46388\"\/><\/figure>\n\n\n\n<figure class=\"wp-block-image size-large\"><img loading=\"lazy\" width=\"1024\" height=\"683\" src=\"https:\/\/www.obispado-mdp.org.ar\/a\/wp-content\/uploads\/2025\/05\/cgt-catedra-abierta-16-1024x683.jpg\" alt=\"\" class=\"wp-image-46389\"\/><\/figure>\n\n\n\n<figure class=\"wp-block-image size-large\"><img loading=\"lazy\" width=\"1024\" height=\"768\" src=\"https:\/\/www.obispado-mdp.org.ar\/a\/wp-content\/uploads\/2025\/05\/WhatsApp-Image-2025-05-17-at-1.14.37-PM-1024x768.jpeg\" alt=\"\" class=\"wp-image-46387\"\/><\/figure>\n\n\n\n<figure class=\"wp-block-image size-large\"><img loading=\"lazy\" width=\"1024\" height=\"683\" src=\"https:\/\/www.obispado-mdp.org.ar\/a\/wp-content\/uploads\/2025\/05\/cgt-catedra-abierta-17-1024x683.jpg\" alt=\"\" class=\"wp-image-46390\"\/><\/figure>\n","protected":false},"excerpt":{"rendered":"<p>En el marco del relanzamiento de la \u201cC\u00e1tedra Abierta de las y los Trabajadores\u201d de la Universidad Popular de la CGT, monse\u00f1or Ernesto Giobando sj. dio una charla en la sede local de la entidad gremial titulada \u201cEl legado de Francisco &#8211; De Le\u00f3n XIII a Le\u00f3n XIV\u201d, ante un colmado auditorio. En su conferencia, [&hellip;]<\/p>\n","protected":false},"author":4,"featured_media":0,"comment_status":"open","ping_status":"open","sticky":false,"template":"","format":"standard","meta":{"_et_pb_use_builder":"","_et_pb_old_content":"","_et_gb_content_width":""},"categories":[4],"tags":[],"aioseo_notices":[],"_links":{"self":[{"href":"https:\/\/www.obispado-mdp.org.ar\/a\/wp-json\/wp\/v2\/posts\/46385"}],"collection":[{"href":"https:\/\/www.obispado-mdp.org.ar\/a\/wp-json\/wp\/v2\/posts"}],"about":[{"href":"https:\/\/www.obispado-mdp.org.ar\/a\/wp-json\/wp\/v2\/types\/post"}],"author":[{"embeddable":true,"href":"https:\/\/www.obispado-mdp.org.ar\/a\/wp-json\/wp\/v2\/users\/4"}],"replies":[{"embeddable":true,"href":"https:\/\/www.obispado-mdp.org.ar\/a\/wp-json\/wp\/v2\/comments?post=46385"}],"version-history":[{"count":1,"href":"https:\/\/www.obispado-mdp.org.ar\/a\/wp-json\/wp\/v2\/posts\/46385\/revisions"}],"predecessor-version":[{"id":46392,"href":"https:\/\/www.obispado-mdp.org.ar\/a\/wp-json\/wp\/v2\/posts\/46385\/revisions\/46392"}],"wp:attachment":[{"href":"https:\/\/www.obispado-mdp.org.ar\/a\/wp-json\/wp\/v2\/media?parent=46385"}],"wp:term":[{"taxonomy":"category","embeddable":true,"href":"https:\/\/www.obispado-mdp.org.ar\/a\/wp-json\/wp\/v2\/categories?post=46385"},{"taxonomy":"post_tag","embeddable":true,"href":"https:\/\/www.obispado-mdp.org.ar\/a\/wp-json\/wp\/v2\/tags?post=46385"}],"curies":[{"name":"wp","href":"https:\/\/api.w.org\/{rel}","templated":true}]}}