{"id":46393,"date":"2025-05-17T08:15:00","date_gmt":"2025-05-17T11:15:00","guid":{"rendered":"https:\/\/www.obispado-mdp.org.ar\/a\/?p=46393"},"modified":"2025-05-21T17:05:00","modified_gmt":"2025-05-21T20:05:00","slug":"asumio-el-p-silvano-en-gral-madariaga","status":"publish","type":"post","link":"https:\/\/www.obispado-mdp.org.ar\/a\/asumio-el-p-silvano-en-gral-madariaga\/","title":{"rendered":"Asumi\u00f3 el P. Silvano en Gral. Madariaga"},"content":{"rendered":"\n<p>La Parroquia Sagrado Coraz\u00f3n de Jes\u00fas, de Gral. Madariaga, recibi\u00f3 este s\u00e1bado 17 a su nuevo p\u00e1rroco, el padre Silvano de Sarro. La Misa estuvo presidida por el obispo diocesano, monse\u00f1or Ernesto Giobando sj., y cont\u00f3 con la participaci\u00f3n de autoridades locales y fieles tanto de esa localidad como de Miramar y de Mar del Plata, ciudad en la que el nuevo p\u00e1rroco desarroll\u00f3 la mayor parte de su ministerio estando al frente de las parroquias Santa Rosa de Lima, San Antonio de Padua, Cristo Rey y, recientemente, San Carlos Borromeo.<\/p>\n\n\n\n<p>El Obispo agradeci\u00f3 al p\u00e1rroco saliente, presb\u00edtero Daniel Climente y a la comunidad por el trabajo pastoral realizado y destac\u00f3 tres pilares \u201cpropios del caminar de la Iglesia en este tiempo\u201d, seg\u00fan explic\u00f3, que son \u201cparticipaci\u00f3n, comuni\u00f3n, y misi\u00f3n.\u201d<\/p>\n\n\n\n<p>Tras los juramentos can\u00f3nicos que el padre Silvano realiz\u00f3 frente a toda la comunidad, recibi\u00f3 las ofrendas y los santos \u00f3leos, con los que ejercer\u00e1 su ministerio en lo que respecta a la administraci\u00f3n de los sacramentos en esa parroquia que abarca todo el partido de General Madariaga y una extensa zona rural.<\/p>\n\n\n\n<p>Al promediar la celebraci\u00f3n, el flamante P\u00e1rroco agradeci\u00f3 al Obispo por confiarle esta nueva misi\u00f3n y destac\u00f3 a su antecesor el padre Daniel \u201cque lo recibi\u00f3 con mucha fraternidad y abri\u00f3 su coraz\u00f3n sacerdotal para que me sintiera c\u00f3modo y bien recibido\u201d, seg\u00fan manifest\u00f3.<\/p>\n\n\n\n<p>Asimismo expres\u00f3 querer \u201csentir c\u00f3mo late el coraz\u00f3n de la comunidad\u201d y \u201cmostrar a todos el rostro misericordioso del Padre y la ternura del Buen Pastor.\u201d<\/p>\n\n\n\n<figure class=\"wp-block-image size-large\"><img loading=\"lazy\" width=\"1024\" height=\"771\" src=\"https:\/\/www.obispado-mdp.org.ar\/a\/wp-content\/uploads\/2025\/05\/1000054809-1024x771.jpg\" alt=\"\" class=\"wp-image-46439\"\/><\/figure>\n\n\n\n<figure class=\"wp-block-image size-large\"><img loading=\"lazy\" width=\"1024\" height=\"768\" src=\"https:\/\/www.obispado-mdp.org.ar\/a\/wp-content\/uploads\/2025\/05\/Para-nombramientos-WEB-2-1-1024x768.jpg\" alt=\"\" class=\"wp-image-46432\"\/><\/figure>\n\n\n\n<figure class=\"wp-block-image size-large\"><img loading=\"lazy\" width=\"1024\" height=\"771\" src=\"https:\/\/www.obispado-mdp.org.ar\/a\/wp-content\/uploads\/2025\/05\/PHOTO-2025-05-17-21-32-12-1024x771.jpg\" alt=\"\" class=\"wp-image-46396\"\/><\/figure>\n\n\n\n<figure class=\"wp-block-image size-full is-resized\"><img loading=\"lazy\" src=\"https:\/\/www.obispado-mdp.org.ar\/a\/wp-content\/uploads\/2025\/05\/PHOTO-2025-05-17-21-32-13_1.jpg\" alt=\"\" class=\"wp-image-46394\" width=\"818\" height=\"1567\"\/><\/figure>\n\n\n\n<figure class=\"wp-block-image size-large\"><img loading=\"lazy\" width=\"1024\" height=\"771\" src=\"https:\/\/www.obispado-mdp.org.ar\/a\/wp-content\/uploads\/2025\/05\/1000054813-1024x771.jpg\" alt=\"\" class=\"wp-image-46440\"\/><\/figure>\n\n\n\n<figure class=\"wp-block-image size-large\"><img loading=\"lazy\" width=\"1024\" height=\"771\" src=\"https:\/\/www.obispado-mdp.org.ar\/a\/wp-content\/uploads\/2025\/05\/1000054814-1024x771.jpg\" alt=\"\" class=\"wp-image-46441\"\/><\/figure>\n","protected":false},"excerpt":{"rendered":"<p>La Parroquia Sagrado Coraz\u00f3n de Jes\u00fas, de Gral. Madariaga, recibi\u00f3 este s\u00e1bado 17 a su nuevo p\u00e1rroco, el padre Silvano de Sarro. La Misa estuvo presidida por el obispo diocesano, monse\u00f1or Ernesto Giobando sj., y cont\u00f3 con la participaci\u00f3n de autoridades locales y fieles tanto de esa localidad como de Miramar y de Mar del [&hellip;]<\/p>\n","protected":false},"author":4,"featured_media":0,"comment_status":"open","ping_status":"open","sticky":false,"template":"","format":"standard","meta":{"_et_pb_use_builder":"","_et_pb_old_content":"","_et_gb_content_width":""},"categories":[4],"tags":[],"aioseo_notices":[],"_links":{"self":[{"href":"https:\/\/www.obispado-mdp.org.ar\/a\/wp-json\/wp\/v2\/posts\/46393"}],"collection":[{"href":"https:\/\/www.obispado-mdp.org.ar\/a\/wp-json\/wp\/v2\/posts"}],"about":[{"href":"https:\/\/www.obispado-mdp.org.ar\/a\/wp-json\/wp\/v2\/types\/post"}],"author":[{"embeddable":true,"href":"https:\/\/www.obispado-mdp.org.ar\/a\/wp-json\/wp\/v2\/users\/4"}],"replies":[{"embeddable":true,"href":"https:\/\/www.obispado-mdp.org.ar\/a\/wp-json\/wp\/v2\/comments?post=46393"}],"version-history":[{"count":5,"href":"https:\/\/www.obispado-mdp.org.ar\/a\/wp-json\/wp\/v2\/posts\/46393\/revisions"}],"predecessor-version":[{"id":46442,"href":"https:\/\/www.obispado-mdp.org.ar\/a\/wp-json\/wp\/v2\/posts\/46393\/revisions\/46442"}],"wp:attachment":[{"href":"https:\/\/www.obispado-mdp.org.ar\/a\/wp-json\/wp\/v2\/media?parent=46393"}],"wp:term":[{"taxonomy":"category","embeddable":true,"href":"https:\/\/www.obispado-mdp.org.ar\/a\/wp-json\/wp\/v2\/categories?post=46393"},{"taxonomy":"post_tag","embeddable":true,"href":"https:\/\/www.obispado-mdp.org.ar\/a\/wp-json\/wp\/v2\/tags?post=46393"}],"curies":[{"name":"wp","href":"https:\/\/api.w.org\/{rel}","templated":true}]}}