{"id":46398,"date":"2025-05-18T08:36:00","date_gmt":"2025-05-18T11:36:00","guid":{"rendered":"https:\/\/www.obispado-mdp.org.ar\/a\/?p=46398"},"modified":"2025-05-19T10:22:02","modified_gmt":"2025-05-19T13:22:02","slug":"misa-de-accion-de-gracias-por-el-inicio-del-pontificado-de-leon-xiv-en-la-catedral-de-mar-del-plata","status":"publish","type":"post","link":"https:\/\/www.obispado-mdp.org.ar\/a\/misa-de-accion-de-gracias-por-el-inicio-del-pontificado-de-leon-xiv-en-la-catedral-de-mar-del-plata\/","title":{"rendered":"Misa de acci\u00f3n de gracias por el inicio del pontificado de Le\u00f3n XIV en la Catedral de Mar del Plata"},"content":{"rendered":"\n<p>Este domingo 18 de mayo, en coincidencia con el d\u00eda en el que el Santo Padre Le\u00f3n XIV inici\u00f3 en Roma el ministerio petrino, se celebr\u00f3 una solemne Misa de acci\u00f3n de gracias en la Catedral Bas\u00edlica de los Santos Pedro y Cecilia. La misma estuvo presidida por el vicario general de la di\u00f3cesis, presb\u00edtero Hern\u00e1n David, quien acerc\u00f3 el saludo del obispo Ernesto Giobando, que se encontraba en Gral. Madariaga en la misa de toma de posesi\u00f3n del p\u00e1rroco de esa comunidad.<\/p>\n\n\n\n<p>Durante la celebraci\u00f3n se elev\u00f3 en nombre de toda la comunidad diocesana, una plegaria por el nuevo pont\u00edfice, a la vez que hicieron eco las palabras pronunciadas por Su Santidad en la Plaza de San Pedro, en la que expres\u00f3 \u201cquisiera que este fuera nuestro primer gran deseo: una Iglesia unida, signo de unidad y comuni\u00f3n, que se convierta en fermento para un mundo reconciliado.\u201d<\/p>\n\n\n\n<figure class=\"wp-block-image size-large\"><img loading=\"lazy\" width=\"1024\" height=\"768\" src=\"https:\/\/www.obispado-mdp.org.ar\/a\/wp-content\/uploads\/2025\/05\/Para-nombramientos-WEB-2-1024x768.jpg\" alt=\"\" class=\"wp-image-46415\"\/><\/figure>\n\n\n\n<figure class=\"wp-block-image size-large\"><img loading=\"lazy\" width=\"1024\" height=\"768\" src=\"https:\/\/www.obispado-mdp.org.ar\/a\/wp-content\/uploads\/2025\/05\/PHOTO-2025-05-18-20-43-02_1-1024x768.jpg\" alt=\"\" class=\"wp-image-46399\"\/><\/figure>\n\n\n\n<figure class=\"wp-block-image size-large\"><img loading=\"lazy\" width=\"1024\" height=\"768\" src=\"https:\/\/www.obispado-mdp.org.ar\/a\/wp-content\/uploads\/2025\/05\/PHOTO-2025-05-18-20-43-04-1024x768.jpg\" alt=\"\" class=\"wp-image-46400\"\/><\/figure>\n\n\n\n<figure class=\"wp-block-image size-large\"><img loading=\"lazy\" width=\"1024\" height=\"768\" src=\"https:\/\/www.obispado-mdp.org.ar\/a\/wp-content\/uploads\/2025\/05\/PHOTO-2025-05-18-20-43-02_2-1024x768.jpg\" alt=\"\" class=\"wp-image-46401\"\/><\/figure>\n\n\n\n<figure class=\"wp-block-image size-large is-resized\"><img loading=\"lazy\" src=\"https:\/\/www.obispado-mdp.org.ar\/a\/wp-content\/uploads\/2025\/05\/PHOTO-2025-05-18-20-43-03_2-768x1024.jpg\" alt=\"\" class=\"wp-image-46402\" width=\"826\" height=\"1101\"\/><\/figure>\n\n\n\n<figure class=\"wp-block-image size-large is-resized\"><img loading=\"lazy\" src=\"https:\/\/www.obispado-mdp.org.ar\/a\/wp-content\/uploads\/2025\/05\/PHOTO-2025-05-18-20-43-03_1-768x1024.jpg\" alt=\"\" class=\"wp-image-46403\" width=\"825\" height=\"1100\"\/><\/figure>\n\n\n\n<figure class=\"wp-block-image size-large\"><img loading=\"lazy\" width=\"819\" height=\"1024\" src=\"https:\/\/www.obispado-mdp.org.ar\/a\/wp-content\/uploads\/2025\/05\/PHOTO-2025-05-18-21-11-09_2-819x1024.jpg\" alt=\"\" class=\"wp-image-46404\"\/><\/figure>\n\n\n\n<figure class=\"wp-block-image size-large\"><img loading=\"lazy\" width=\"819\" height=\"1024\" src=\"https:\/\/www.obispado-mdp.org.ar\/a\/wp-content\/uploads\/2025\/05\/PHOTO-2025-05-18-21-11-10-819x1024.jpg\" alt=\"\" class=\"wp-image-46405\"\/><\/figure>\n","protected":false},"excerpt":{"rendered":"<p>Este domingo 18 de mayo, en coincidencia con el d\u00eda en el que el Santo Padre Le\u00f3n XIV inici\u00f3 en Roma el ministerio petrino, se celebr\u00f3 una solemne Misa de acci\u00f3n de gracias en la Catedral Bas\u00edlica de los Santos Pedro y Cecilia. La misma estuvo presidida por el vicario general de la di\u00f3cesis, presb\u00edtero [&hellip;]<\/p>\n","protected":false},"author":4,"featured_media":0,"comment_status":"open","ping_status":"open","sticky":false,"template":"","format":"standard","meta":{"_et_pb_use_builder":"","_et_pb_old_content":"","_et_gb_content_width":""},"categories":[4],"tags":[],"aioseo_notices":[],"_links":{"self":[{"href":"https:\/\/www.obispado-mdp.org.ar\/a\/wp-json\/wp\/v2\/posts\/46398"}],"collection":[{"href":"https:\/\/www.obispado-mdp.org.ar\/a\/wp-json\/wp\/v2\/posts"}],"about":[{"href":"https:\/\/www.obispado-mdp.org.ar\/a\/wp-json\/wp\/v2\/types\/post"}],"author":[{"embeddable":true,"href":"https:\/\/www.obispado-mdp.org.ar\/a\/wp-json\/wp\/v2\/users\/4"}],"replies":[{"embeddable":true,"href":"https:\/\/www.obispado-mdp.org.ar\/a\/wp-json\/wp\/v2\/comments?post=46398"}],"version-history":[{"count":2,"href":"https:\/\/www.obispado-mdp.org.ar\/a\/wp-json\/wp\/v2\/posts\/46398\/revisions"}],"predecessor-version":[{"id":46416,"href":"https:\/\/www.obispado-mdp.org.ar\/a\/wp-json\/wp\/v2\/posts\/46398\/revisions\/46416"}],"wp:attachment":[{"href":"https:\/\/www.obispado-mdp.org.ar\/a\/wp-json\/wp\/v2\/media?parent=46398"}],"wp:term":[{"taxonomy":"category","embeddable":true,"href":"https:\/\/www.obispado-mdp.org.ar\/a\/wp-json\/wp\/v2\/categories?post=46398"},{"taxonomy":"post_tag","embeddable":true,"href":"https:\/\/www.obispado-mdp.org.ar\/a\/wp-json\/wp\/v2\/tags?post=46398"}],"curies":[{"name":"wp","href":"https:\/\/api.w.org\/{rel}","templated":true}]}}