{"id":46408,"date":"2025-05-16T10:32:00","date_gmt":"2025-05-16T13:32:00","guid":{"rendered":"https:\/\/www.obispado-mdp.org.ar\/a\/?p=46408"},"modified":"2025-05-19T10:38:47","modified_gmt":"2025-05-19T13:38:47","slug":"el-obispo-visito-el-hogar-de-maria","status":"publish","type":"post","link":"https:\/\/www.obispado-mdp.org.ar\/a\/el-obispo-visito-el-hogar-de-maria\/","title":{"rendered":"El Obispo visit\u00f3 el Hogar de Mar\u00eda"},"content":{"rendered":"\n<p>En la tarde del jueves 16 de mayo el obispo diocesano, monse\u00f1or Ernesto Giobando sj., visit\u00f3 la sede del Hogar de Mar\u00eda, donde fue recibido por su fundadora, Mercedes Rom; su directora, Gabriela Nicol\u00e1s, y por el coordinador del Servicio Zonal del Organismo Provincial de Ni\u00f1ez y Adolescencia, Facundo Barrionuevo.<\/p>\n\n\n\n<p>El Obispo mantuvo un encuentro con la comisi\u00f3n directiva y visit\u00f3 a quienes residen en ese lugar, que es \u201chogar de ni\u00f1os y adolescentes con discapacidad mental en situaci\u00f3n de abandono, pobreza extrema o alto riesgo\u201d seg\u00fan explicaron.<\/p>\n\n\n\n<p>Monse\u00f1or Giobando escuch\u00f3 lo compartido por las autoridades y los residentes, y manifest\u00f3 la cercan\u00eda de la Iglesia diocesana con esta obra, a la vez que les dio la bendici\u00f3n.<\/p>\n\n\n\n<p>Desde la Comisi\u00f3n Directiva expresaron sentirse \u201cmuy agradecidos por las palabras de aliento del Obispo\u201d y \u201cpor su bendici\u00f3n que nos anima a continuar aunando esfuerzos.\u201d<\/p>\n\n\n\n<figure class=\"wp-block-image size-large\"><img loading=\"lazy\" width=\"1024\" height=\"903\" src=\"https:\/\/www.obispado-mdp.org.ar\/a\/wp-content\/uploads\/2025\/05\/WhatsApp-Image-2025-05-19-at-10.28.06-AM-1024x903.jpeg\" alt=\"\" class=\"wp-image-46436\"\/><\/figure>\n","protected":false},"excerpt":{"rendered":"<p>En la tarde del jueves 16 de mayo el obispo diocesano, monse\u00f1or Ernesto Giobando sj., visit\u00f3 la sede del Hogar de Mar\u00eda, donde fue recibido por su fundadora, Mercedes Rom; su directora, Gabriela Nicol\u00e1s, y por el coordinador del Servicio Zonal del Organismo Provincial de Ni\u00f1ez y Adolescencia, Facundo Barrionuevo. El Obispo mantuvo un encuentro [&hellip;]<\/p>\n","protected":false},"author":4,"featured_media":0,"comment_status":"open","ping_status":"open","sticky":false,"template":"","format":"standard","meta":{"_et_pb_use_builder":"","_et_pb_old_content":"","_et_gb_content_width":""},"categories":[4],"tags":[],"aioseo_notices":[],"_links":{"self":[{"href":"https:\/\/www.obispado-mdp.org.ar\/a\/wp-json\/wp\/v2\/posts\/46408"}],"collection":[{"href":"https:\/\/www.obispado-mdp.org.ar\/a\/wp-json\/wp\/v2\/posts"}],"about":[{"href":"https:\/\/www.obispado-mdp.org.ar\/a\/wp-json\/wp\/v2\/types\/post"}],"author":[{"embeddable":true,"href":"https:\/\/www.obispado-mdp.org.ar\/a\/wp-json\/wp\/v2\/users\/4"}],"replies":[{"embeddable":true,"href":"https:\/\/www.obispado-mdp.org.ar\/a\/wp-json\/wp\/v2\/comments?post=46408"}],"version-history":[{"count":3,"href":"https:\/\/www.obispado-mdp.org.ar\/a\/wp-json\/wp\/v2\/posts\/46408\/revisions"}],"predecessor-version":[{"id":46437,"href":"https:\/\/www.obispado-mdp.org.ar\/a\/wp-json\/wp\/v2\/posts\/46408\/revisions\/46437"}],"wp:attachment":[{"href":"https:\/\/www.obispado-mdp.org.ar\/a\/wp-json\/wp\/v2\/media?parent=46408"}],"wp:term":[{"taxonomy":"category","embeddable":true,"href":"https:\/\/www.obispado-mdp.org.ar\/a\/wp-json\/wp\/v2\/categories?post=46408"},{"taxonomy":"post_tag","embeddable":true,"href":"https:\/\/www.obispado-mdp.org.ar\/a\/wp-json\/wp\/v2\/tags?post=46408"}],"curies":[{"name":"wp","href":"https:\/\/api.w.org\/{rel}","templated":true}]}}