{"id":46410,"date":"2025-05-18T08:40:00","date_gmt":"2025-05-18T11:40:00","guid":{"rendered":"https:\/\/www.obispado-mdp.org.ar\/a\/?p=46410"},"modified":"2025-05-19T10:21:05","modified_gmt":"2025-05-19T13:21:05","slug":"asumio-el-p-alejandro-en-medalla","status":"publish","type":"post","link":"https:\/\/www.obispado-mdp.org.ar\/a\/asumio-el-p-alejandro-en-medalla\/","title":{"rendered":"Asumi\u00f3 el P. Alejandro en Medalla"},"content":{"rendered":"\n<p>El padre Alejandro Martinez asumi\u00f3 este domingo 18 como p\u00e1rroco de Medalla Milagrosa en Necochea. Lo hizo en la Misa que presidi\u00f3 el obispo diocesano, monse\u00f1or Ernesto Giobando sj. ante un gran n\u00famero de fieles y sacerdotes de la zona que participaron tambi\u00e9n de la celebraci\u00f3n.<\/p>\n\n\n\n<p>El nuevo P\u00e1rroco se encontraba hasta hace pocas semanas al frente de la Parroquia Nuestra Se\u00f1ora de Lourdes, vecina a la Medalla Milagrosa, y era administrador parroquial de esa comunidad desde el fallecimiento en 2023 del entonces cura p\u00e1rroco, presb\u00edtero Justino Fern\u00e1ndez, a quien ahora sucede como p\u00e1rroco.<\/p>\n\n\n\n<figure class=\"wp-block-image size-large\"><img loading=\"lazy\" width=\"1024\" height=\"768\" src=\"https:\/\/www.obispado-mdp.org.ar\/a\/wp-content\/uploads\/2025\/05\/Para-nombramientos-WEB-3-1024x768.jpg\" alt=\"\" class=\"wp-image-46434\"\/><\/figure>\n\n\n\n<figure class=\"wp-block-image size-large\"><img loading=\"lazy\" width=\"1024\" height=\"768\" src=\"https:\/\/www.obispado-mdp.org.ar\/a\/wp-content\/uploads\/2025\/05\/p-alejandrp-1024x768.jpg\" alt=\"\" class=\"wp-image-46422\"\/><\/figure>\n\n\n\n<figure class=\"wp-block-image size-large\"><img loading=\"lazy\" width=\"1024\" height=\"768\" src=\"https:\/\/www.obispado-mdp.org.ar\/a\/wp-content\/uploads\/2025\/05\/toma-alej-1024x768.jpg\" alt=\"\" class=\"wp-image-46419\"\/><\/figure>\n\n\n\n<figure class=\"wp-block-image size-large\"><img loading=\"lazy\" width=\"1024\" height=\"768\" src=\"https:\/\/www.obispado-mdp.org.ar\/a\/wp-content\/uploads\/2025\/05\/p.-ale-1024x768.jpg\" alt=\"\" class=\"wp-image-46420\"\/><\/figure>\n\n\n\n<figure class=\"wp-block-image size-large is-resized\"><img loading=\"lazy\" src=\"https:\/\/www.obispado-mdp.org.ar\/a\/wp-content\/uploads\/2025\/05\/padre-alejandro-768x1024.jpg\" alt=\"\" class=\"wp-image-46421\" width=\"818\" height=\"1091\"\/><\/figure>\n\n\n\n<figure class=\"wp-block-image size-large is-resized\"><img loading=\"lazy\" src=\"https:\/\/www.obispado-mdp.org.ar\/a\/wp-content\/uploads\/2025\/05\/p.alejandro-768x1024.jpg\" alt=\"\" class=\"wp-image-46424\" width=\"812\" height=\"1083\"\/><\/figure>\n\n\n\n<figure class=\"wp-block-image size-large is-resized\"><img loading=\"lazy\" src=\"https:\/\/www.obispado-mdp.org.ar\/a\/wp-content\/uploads\/2025\/05\/ob-y-ale-768x1024.jpg\" alt=\"\" class=\"wp-image-46418\" width=\"820\" height=\"1094\"\/><\/figure>\n\n\n\n<figure class=\"wp-block-image size-large\"><img loading=\"lazy\" width=\"768\" height=\"1024\" src=\"https:\/\/www.obispado-mdp.org.ar\/a\/wp-content\/uploads\/2025\/05\/alejandro-medalla-768x1024.jpg\" alt=\"\" class=\"wp-image-46423\"\/><\/figure>\n","protected":false},"excerpt":{"rendered":"<p>El padre Alejandro Martinez asumi\u00f3 este domingo 18 como p\u00e1rroco de Medalla Milagrosa en Necochea. Lo hizo en la Misa que presidi\u00f3 el obispo diocesano, monse\u00f1or Ernesto Giobando sj. ante un gran n\u00famero de fieles y sacerdotes de la zona que participaron tambi\u00e9n de la celebraci\u00f3n. El nuevo P\u00e1rroco se encontraba hasta hace pocas semanas [&hellip;]<\/p>\n","protected":false},"author":4,"featured_media":0,"comment_status":"open","ping_status":"open","sticky":false,"template":"","format":"standard","meta":{"_et_pb_use_builder":"","_et_pb_old_content":"","_et_gb_content_width":""},"categories":[4],"tags":[],"aioseo_notices":[],"_links":{"self":[{"href":"https:\/\/www.obispado-mdp.org.ar\/a\/wp-json\/wp\/v2\/posts\/46410"}],"collection":[{"href":"https:\/\/www.obispado-mdp.org.ar\/a\/wp-json\/wp\/v2\/posts"}],"about":[{"href":"https:\/\/www.obispado-mdp.org.ar\/a\/wp-json\/wp\/v2\/types\/post"}],"author":[{"embeddable":true,"href":"https:\/\/www.obispado-mdp.org.ar\/a\/wp-json\/wp\/v2\/users\/4"}],"replies":[{"embeddable":true,"href":"https:\/\/www.obispado-mdp.org.ar\/a\/wp-json\/wp\/v2\/comments?post=46410"}],"version-history":[{"count":4,"href":"https:\/\/www.obispado-mdp.org.ar\/a\/wp-json\/wp\/v2\/posts\/46410\/revisions"}],"predecessor-version":[{"id":46435,"href":"https:\/\/www.obispado-mdp.org.ar\/a\/wp-json\/wp\/v2\/posts\/46410\/revisions\/46435"}],"wp:attachment":[{"href":"https:\/\/www.obispado-mdp.org.ar\/a\/wp-json\/wp\/v2\/media?parent=46410"}],"wp:term":[{"taxonomy":"category","embeddable":true,"href":"https:\/\/www.obispado-mdp.org.ar\/a\/wp-json\/wp\/v2\/categories?post=46410"},{"taxonomy":"post_tag","embeddable":true,"href":"https:\/\/www.obispado-mdp.org.ar\/a\/wp-json\/wp\/v2\/tags?post=46410"}],"curies":[{"name":"wp","href":"https:\/\/api.w.org\/{rel}","templated":true}]}}