{"id":46443,"date":"2025-05-19T17:41:00","date_gmt":"2025-05-19T20:41:00","guid":{"rendered":"https:\/\/www.obispado-mdp.org.ar\/a\/?p=46443"},"modified":"2025-05-22T17:51:33","modified_gmt":"2025-05-22T20:51:33","slug":"el-padre-ariel-sueiro-celebro-sus-25-anos-de-sacerdocio","status":"publish","type":"post","link":"https:\/\/www.obispado-mdp.org.ar\/a\/el-padre-ariel-sueiro-celebro-sus-25-anos-de-sacerdocio\/","title":{"rendered":"El padre Ariel Sueiro celebr\u00f3 sus 25 a\u00f1os de sacerdocio\u00a0"},"content":{"rendered":"\n<p>El padre Ariel Sueiro celebr\u00f3 este lunes 19 de mayo sus 25 a\u00f1os de vida sacerdotal. Lo hizo con una Misa que se celebr\u00f3 en la Parroquia Asunci\u00f3n de la Sant\u00edsima Virgen, donde hoy es p\u00e1rroco, con la presencia del obispo diocesano, monse\u00f1or Ernesto Giobando sj., y de varios sacerdotes, y ante gran concurrencia de fieles provenientes de distintas parroquias y pastorales acompa\u00f1adas por el padre Ariel a lo largo de su ministerio. Tambi\u00e9n estaba presente su mam\u00e1 y sus familiares, y el intendente municipal Guillermo Montenegro, entre otros invitados especiales.<\/p>\n\n\n\n<p>En su homil\u00eda, Sueiro referenci\u00f3 los or\u00edgenes de su vocaci\u00f3n en la Parroquia Nuestra Se\u00f1ora de la Paz, de Pinamar y record\u00f3 que su ordenaci\u00f3n fue tambi\u00e9n en un a\u00f1o jubilar, el A\u00f1o Santo 2000, de manos del entonces obispo diocesano, monse\u00f1or Jos\u00e9 Mar\u00eda Arancedo, a la vez que expres\u00f3 su gozo de haber podido participar en el marco de la peregrinaci\u00f3n realizada a Roma por su jubileo sacerdotal, del funeral del papa Francisco y la elecci\u00f3n de Le\u00f3n XIV, lo que describi\u00f3 como \u201cun momento de gracia en el que el Se\u00f1or, por medio de su nuevo vicario vuelve a decirme al coraz\u00f3n: \u2018no temas, Ariel, sigue adelante, apacienta mis ovejas\u2019.\u201d<\/p>\n\n\n\n<p>En las palabras finales, destac\u00f3 el acompa\u00f1amiento de su actual comunidad, la Asunci\u00f3n de la Virgen, con especiales palabras para el Hospital Materno Infantil y las \u201cDamas Rosadas\u201d que ejercen all\u00ed su voluntariado, y valor\u00f3 la presencia de su familia a la vez que agradeci\u00f3 al Intendente Municipal, a la vicec\u00f3nsul honorario del Reino de Espa\u00f1a, Claudia \u00c1lvarez Arg\u00fcelles, y al presidente de Multimedios La Capital, Florencio Aldrey, por haberse hecho presentes en la celebraci\u00f3n.<\/p>\n\n\n\n<figure class=\"wp-block-image size-large\"><img loading=\"lazy\" width=\"1024\" height=\"768\" src=\"https:\/\/www.obispado-mdp.org.ar\/a\/wp-content\/uploads\/2025\/05\/Para-nombramientos-WEB-5-1-1024x768.png\" alt=\"\" class=\"wp-image-46451\"\/><\/figure>\n\n\n\n<figure class=\"wp-block-image size-full is-resized\"><img loading=\"lazy\" src=\"https:\/\/www.obispado-mdp.org.ar\/a\/wp-content\/uploads\/2025\/05\/IMG_1598.jpeg\" alt=\"\" class=\"wp-image-46445\" width=\"819\" height=\"1091\"\/><\/figure>\n\n\n\n<figure class=\"wp-block-image size-full is-resized\"><img loading=\"lazy\" src=\"https:\/\/www.obispado-mdp.org.ar\/a\/wp-content\/uploads\/2025\/05\/IMG_1600.jpeg\" alt=\"\" class=\"wp-image-46444\" width=\"821\" height=\"605\"\/><\/figure>\n\n\n\n<figure class=\"wp-block-image size-full is-resized\"><img loading=\"lazy\" src=\"https:\/\/www.obispado-mdp.org.ar\/a\/wp-content\/uploads\/2025\/05\/IMG_1597.jpeg\" alt=\"\" class=\"wp-image-46447\" width=\"823\" height=\"616\"\/><\/figure>\n","protected":false},"excerpt":{"rendered":"<p>El padre Ariel Sueiro celebr\u00f3 este lunes 19 de mayo sus 25 a\u00f1os de vida sacerdotal. Lo hizo con una Misa que se celebr\u00f3 en la Parroquia Asunci\u00f3n de la Sant\u00edsima Virgen, donde hoy es p\u00e1rroco, con la presencia del obispo diocesano, monse\u00f1or Ernesto Giobando sj., y de varios sacerdotes, y ante gran concurrencia de [&hellip;]<\/p>\n","protected":false},"author":4,"featured_media":0,"comment_status":"open","ping_status":"open","sticky":false,"template":"","format":"standard","meta":{"_et_pb_use_builder":"","_et_pb_old_content":"","_et_gb_content_width":""},"categories":[4],"tags":[],"aioseo_notices":[],"_links":{"self":[{"href":"https:\/\/www.obispado-mdp.org.ar\/a\/wp-json\/wp\/v2\/posts\/46443"}],"collection":[{"href":"https:\/\/www.obispado-mdp.org.ar\/a\/wp-json\/wp\/v2\/posts"}],"about":[{"href":"https:\/\/www.obispado-mdp.org.ar\/a\/wp-json\/wp\/v2\/types\/post"}],"author":[{"embeddable":true,"href":"https:\/\/www.obispado-mdp.org.ar\/a\/wp-json\/wp\/v2\/users\/4"}],"replies":[{"embeddable":true,"href":"https:\/\/www.obispado-mdp.org.ar\/a\/wp-json\/wp\/v2\/comments?post=46443"}],"version-history":[{"count":3,"href":"https:\/\/www.obispado-mdp.org.ar\/a\/wp-json\/wp\/v2\/posts\/46443\/revisions"}],"predecessor-version":[{"id":46452,"href":"https:\/\/www.obispado-mdp.org.ar\/a\/wp-json\/wp\/v2\/posts\/46443\/revisions\/46452"}],"wp:attachment":[{"href":"https:\/\/www.obispado-mdp.org.ar\/a\/wp-json\/wp\/v2\/media?parent=46443"}],"wp:term":[{"taxonomy":"category","embeddable":true,"href":"https:\/\/www.obispado-mdp.org.ar\/a\/wp-json\/wp\/v2\/categories?post=46443"},{"taxonomy":"post_tag","embeddable":true,"href":"https:\/\/www.obispado-mdp.org.ar\/a\/wp-json\/wp\/v2\/tags?post=46443"}],"curies":[{"name":"wp","href":"https:\/\/api.w.org\/{rel}","templated":true}]}}