{"id":46453,"date":"2025-05-23T17:14:00","date_gmt":"2025-05-23T20:14:00","guid":{"rendered":"https:\/\/www.obispado-mdp.org.ar\/a\/?p=46453"},"modified":"2025-05-24T17:34:24","modified_gmt":"2025-05-24T20:34:24","slug":"nuestra-iglesia-diocesana-cuenta-con-un-nuevo-diacono","status":"publish","type":"post","link":"https:\/\/www.obispado-mdp.org.ar\/a\/nuestra-iglesia-diocesana-cuenta-con-un-nuevo-diacono\/","title":{"rendered":"Nuestra Iglesia Diocesana cuenta con un nuevo di\u00e1cono"},"content":{"rendered":"\n<p>La Iglesia Diocesana celebr\u00f3 con gran alegr\u00eda el viernes 23 de mayo la ordenaci\u00f3n diaconal del seminarista Leonardo Ponce. La Misa fue presidida por el obispo diocesano, monse\u00f1or Ernesto Giobando sj. y cont\u00f3 con la entusiasta participaci\u00f3n de gran n\u00famero de fieles.<\/p>\n\n\n\n<p>Leonardo est\u00e1 en el \u00faltimo a\u00f1o de la formaci\u00f3n inicial, y tras vivir durante seis a\u00f1os en el Seminario Mayor San Jos\u00e9, en la ciudad de La Plata, reside desde comienzos del a\u00f1o pasado en la Iglesia Catedral, donde colabora en distintas tareas pastorales a la vez que contin\u00faa con su formaci\u00f3n hacia el sacerdocio.<\/p>\n\n\n\n<p>El Obispo expres\u00f3 su alegr\u00eda \u201cpor este primer di\u00e1cono que ordeno para esta di\u00f3cesis, que es un joven con quien compartimos este tiempo en la Catedral, por lo que puedo decir que conozco su capacidad de ser servidor, que es lo que es un di\u00e1cono, y su amor por los m\u00e1s pobres.\u201d<\/p>\n\n\n\n<p>Por su parte el di\u00e1cono Leonardo agradeci\u00f3 a todos los que lo acompa\u00f1aron a lo largo de su proceso vocacional, deteni\u00e9ndose \u201cen el momento en el que entre cuentas y n\u00fameros para saber si llueve\u201d (en referencia a la carrera de Ciencias de la Atm\u00f3sfera que estudi\u00f3 previo a su ingreso al Seminario), sinti\u00f3 el llamado a \u201cconocer las cosas del cielo de otra manera.\u201d<\/p>\n\n\n\n<p>Luego de la celebraci\u00f3n, la alegr\u00eda se prolong\u00f3 durante el \u00e1gape fraterno que tuvo lugar en la sede de C\u00e1ritas de la Iglesia Catedral.<\/p>\n\n\n\n<figure class=\"wp-block-image size-large\"><img loading=\"lazy\" width=\"1024\" height=\"768\" src=\"https:\/\/www.obispado-mdp.org.ar\/a\/wp-content\/uploads\/2025\/05\/Para-nombramientos-WEB-6-3-1024x768.png\" alt=\"\" class=\"wp-image-46464\"\/><\/figure>\n\n\n\n<figure class=\"wp-block-image size-large is-resized\"><img loading=\"lazy\" src=\"https:\/\/www.obispado-mdp.org.ar\/a\/wp-content\/uploads\/2025\/05\/PHOTO-2025-05-24-16-46-09_1-682x1024.jpg\" alt=\"\" class=\"wp-image-46459\" width=\"823\" height=\"1236\"\/><\/figure>\n\n\n\n<p>\u00a1Damos gracias a Dios por su vocaci\u00f3n y lo encomendamos al Se\u00f1or!<\/p>\n\n\n\n<figure class=\"wp-block-image size-large is-resized\"><img loading=\"lazy\" src=\"https:\/\/www.obispado-mdp.org.ar\/a\/wp-content\/uploads\/2025\/05\/PHOTO-2025-05-24-16-46-09-682x1024.jpg\" alt=\"\" class=\"wp-image-46460\" width=\"818\" height=\"1228\"\/><\/figure>\n\n\n\n<figure class=\"wp-block-image size-large is-resized\"><img loading=\"lazy\" src=\"https:\/\/www.obispado-mdp.org.ar\/a\/wp-content\/uploads\/2025\/05\/PHOTO-2025-05-24-16-46-10-682x1024.jpg\" alt=\"\" class=\"wp-image-46462\" width=\"821\" height=\"1233\"\/><\/figure>\n\n\n\n<figure class=\"wp-block-image size-large is-resized\"><img loading=\"lazy\" src=\"https:\/\/www.obispado-mdp.org.ar\/a\/wp-content\/uploads\/2025\/05\/PHOTO-2025-05-24-16-46-12-682x1024.jpg\" alt=\"\" class=\"wp-image-46457\" width=\"820\" height=\"1231\"\/><\/figure>\n\n\n\n<figure class=\"wp-block-image size-large\"><img loading=\"lazy\" width=\"1024\" height=\"682\" src=\"https:\/\/www.obispado-mdp.org.ar\/a\/wp-content\/uploads\/2025\/05\/PHOTO-2025-05-24-16-46-12_4-1024x682.jpg\" alt=\"\" class=\"wp-image-46461\"\/><\/figure>\n\n\n\n<figure class=\"wp-block-image size-large\"><img loading=\"lazy\" width=\"1024\" height=\"682\" src=\"https:\/\/www.obispado-mdp.org.ar\/a\/wp-content\/uploads\/2025\/05\/PHOTO-2025-05-24-16-46-10_1-1024x682.jpg\" alt=\"\" class=\"wp-image-46454\"\/><\/figure>\n\n\n\n<figure class=\"wp-block-image size-large\"><img loading=\"lazy\" width=\"1024\" height=\"682\" src=\"https:\/\/www.obispado-mdp.org.ar\/a\/wp-content\/uploads\/2025\/05\/PHOTO-2025-05-24-16-46-10_2-1024x682.jpg\" alt=\"\" class=\"wp-image-46455\"\/><\/figure>\n\n\n\n<figure class=\"wp-block-image size-large is-resized\"><img loading=\"lazy\" src=\"https:\/\/www.obispado-mdp.org.ar\/a\/wp-content\/uploads\/2025\/05\/PHOTO-2025-05-24-16-46-13_3-682x1024.jpg\" alt=\"\" class=\"wp-image-46458\" width=\"815\" height=\"1224\"\/><\/figure>\n","protected":false},"excerpt":{"rendered":"<p>La Iglesia Diocesana celebr\u00f3 con gran alegr\u00eda el viernes 23 de mayo la ordenaci\u00f3n diaconal del seminarista Leonardo Ponce. La Misa fue presidida por el obispo diocesano, monse\u00f1or Ernesto Giobando sj. y cont\u00f3 con la entusiasta participaci\u00f3n de gran n\u00famero de fieles. Leonardo est\u00e1 en el \u00faltimo a\u00f1o de la formaci\u00f3n inicial, y tras vivir [&hellip;]<\/p>\n","protected":false},"author":4,"featured_media":0,"comment_status":"open","ping_status":"open","sticky":false,"template":"","format":"standard","meta":{"_et_pb_use_builder":"","_et_pb_old_content":"","_et_gb_content_width":""},"categories":[4],"tags":[],"aioseo_notices":[],"_links":{"self":[{"href":"https:\/\/www.obispado-mdp.org.ar\/a\/wp-json\/wp\/v2\/posts\/46453"}],"collection":[{"href":"https:\/\/www.obispado-mdp.org.ar\/a\/wp-json\/wp\/v2\/posts"}],"about":[{"href":"https:\/\/www.obispado-mdp.org.ar\/a\/wp-json\/wp\/v2\/types\/post"}],"author":[{"embeddable":true,"href":"https:\/\/www.obispado-mdp.org.ar\/a\/wp-json\/wp\/v2\/users\/4"}],"replies":[{"embeddable":true,"href":"https:\/\/www.obispado-mdp.org.ar\/a\/wp-json\/wp\/v2\/comments?post=46453"}],"version-history":[{"count":3,"href":"https:\/\/www.obispado-mdp.org.ar\/a\/wp-json\/wp\/v2\/posts\/46453\/revisions"}],"predecessor-version":[{"id":46467,"href":"https:\/\/www.obispado-mdp.org.ar\/a\/wp-json\/wp\/v2\/posts\/46453\/revisions\/46467"}],"wp:attachment":[{"href":"https:\/\/www.obispado-mdp.org.ar\/a\/wp-json\/wp\/v2\/media?parent=46453"}],"wp:term":[{"taxonomy":"category","embeddable":true,"href":"https:\/\/www.obispado-mdp.org.ar\/a\/wp-json\/wp\/v2\/categories?post=46453"},{"taxonomy":"post_tag","embeddable":true,"href":"https:\/\/www.obispado-mdp.org.ar\/a\/wp-json\/wp\/v2\/tags?post=46453"}],"curies":[{"name":"wp","href":"https:\/\/api.w.org\/{rel}","templated":true}]}}