{"id":46468,"date":"2025-05-24T19:50:00","date_gmt":"2025-05-24T22:50:00","guid":{"rendered":"https:\/\/www.obispado-mdp.org.ar\/a\/?p=46468"},"modified":"2025-05-24T20:50:37","modified_gmt":"2025-05-24T23:50:37","slug":"asume-p-mario-fernandez-en-nuestra-senora-del-huerto","status":"publish","type":"post","link":"https:\/\/www.obispado-mdp.org.ar\/a\/asume-p-mario-fernandez-en-nuestra-senora-del-huerto\/","title":{"rendered":"Asume P. Mario Fern\u00e1ndez en Nuestra Se\u00f1ora del Huerto"},"content":{"rendered":"\n<p>El s\u00e1bado 24 por la ma\u00f1ana la Parroquia Nuestra Se\u00f1ora del Huerto recibi\u00f3 a su nuevo p\u00e1rroco, presb\u00edtero Mario Fern\u00e1ndez. La Misa fue presidida por el obispo diocesano, monse\u00f1or Ernesto Giobando sj. y concelebrada por una decena de sacerdotes, entre ellos el vicario general, presb\u00edtero Hern\u00e1n David, y el p\u00e1rroco anterior de esa comunidad, presb\u00edtero Fabi\u00e1n Yanes.<\/p>\n\n\n\n<p>Los fieles, que colmaron la capacidad del templo, proven\u00edan no solo de esa comunidad parroquial sino tambi\u00e9n de las parroquias en las que el padre Fern\u00e1ndez ejerci\u00f3 con anterioridad su ministerio sacerdotal, hasta el momento siempre en el interior de la di\u00f3cesis.<\/p>\n\n\n\n<p>Tras rociar al pueblo con agua bendita, gesto propio de la Misa de asunci\u00f3n de un p\u00e1rroco, el padre Mario proclam\u00f3 el Evangelio, y despu\u00e9s de la homil\u00eda del Obispo recibi\u00f3 los Santos \u00d3leos y los dones del pan y el vino, signos de la dimensi\u00f3n santificante que el nuevo p\u00e1rroco ejercer\u00e1 en esa comunidad, desde la celebraci\u00f3n de los sacramentos.<\/p>\n\n\n\n<p>El Obispo destac\u00f3 la singular presencia de la Virgen Mar\u00eda, dado que \u201cadem\u00e1s de celebrar a Mar\u00eda Auxilio de los Cristianos, nos encontramos en la Parroquia de Nuestra Se\u00f1ora del Huerto, con su escuela Nuestra Se\u00f1ora del Camino\u201d y pidi\u00f3 \u201cque Mar\u00eda siempre sea auxilio de la comunidad.\u201d<\/p>\n\n\n\n<p>En otro pasaje de su pr\u00e9dica, al comentar la primera lectura que se proclam\u00f3, tomada de libro de los Hechos de los Ap\u00f3stoles, invit\u00f3 a \u201cpasar del ellos al nosotros\u201d y enfatiz\u00f3 que en una parroquia \u201cestamos llamados a vivir el nosotros de ser familia, una familia grande que abraza a todos, en la que el p\u00e1rroco tiene la misi\u00f3n de ser padre.\u201d<\/p>\n\n\n\n<p>Finalmente, tras recibir palabras&nbsp; de bienvenida y un obsequio por parte de representantes de la comunidad, el padre Mario agradeci\u00f3 las muestras de afecto y el acompa\u00f1amiento de todos los presentes, y destac\u00f3 especialmente al padre Fabi\u00e1n, con quien convivi\u00f3 durante los meses previos a su asunci\u00f3n como p\u00e1rroco, \u201cpor todo lo aprendido durante este tiempo y por su servicio a la comunidad.\u201d<\/p>\n\n\n\n<figure class=\"wp-block-image size-large\"><img loading=\"lazy\" width=\"1024\" height=\"768\" src=\"https:\/\/www.obispado-mdp.org.ar\/a\/wp-content\/uploads\/2025\/05\/Para-nombramientos-WEB-6-4-1024x768.png\" alt=\"\" class=\"wp-image-46473\"\/><\/figure>\n\n\n\n<figure class=\"wp-block-image size-large is-resized\"><img loading=\"lazy\" src=\"https:\/\/www.obispado-mdp.org.ar\/a\/wp-content\/uploads\/2025\/05\/IMG_3187-768x1024.jpg\" alt=\"\" class=\"wp-image-46470\" width=\"820\" height=\"1093\"\/><\/figure>\n\n\n\n<figure class=\"wp-block-image size-large is-resized\"><img loading=\"lazy\" src=\"https:\/\/www.obispado-mdp.org.ar\/a\/wp-content\/uploads\/2025\/05\/IMG_3181-768x1024.jpg\" alt=\"\" class=\"wp-image-46471\" width=\"818\" height=\"1091\"\/><\/figure>\n\n\n\n<figure class=\"wp-block-image size-large is-resized\"><img loading=\"lazy\" src=\"https:\/\/www.obispado-mdp.org.ar\/a\/wp-content\/uploads\/2025\/05\/IMG_3190-768x1024.jpg\" alt=\"\" class=\"wp-image-46472\" width=\"822\" height=\"1096\"\/><\/figure>\n\n\n\n<figure class=\"wp-block-image size-large is-resized\"><img loading=\"lazy\" src=\"https:\/\/www.obispado-mdp.org.ar\/a\/wp-content\/uploads\/2025\/05\/IMG_3189-768x1024.jpg\" alt=\"\" class=\"wp-image-46469\" width=\"819\" height=\"1092\"\/><\/figure>\n","protected":false},"excerpt":{"rendered":"<p>El s\u00e1bado 24 por la ma\u00f1ana la Parroquia Nuestra Se\u00f1ora del Huerto recibi\u00f3 a su nuevo p\u00e1rroco, presb\u00edtero Mario Fern\u00e1ndez. La Misa fue presidida por el obispo diocesano, monse\u00f1or Ernesto Giobando sj. y concelebrada por una decena de sacerdotes, entre ellos el vicario general, presb\u00edtero Hern\u00e1n David, y el p\u00e1rroco anterior de esa comunidad, presb\u00edtero [&hellip;]<\/p>\n","protected":false},"author":4,"featured_media":0,"comment_status":"open","ping_status":"open","sticky":false,"template":"","format":"standard","meta":{"_et_pb_use_builder":"","_et_pb_old_content":"","_et_gb_content_width":""},"categories":[4],"tags":[],"aioseo_notices":[],"_links":{"self":[{"href":"https:\/\/www.obispado-mdp.org.ar\/a\/wp-json\/wp\/v2\/posts\/46468"}],"collection":[{"href":"https:\/\/www.obispado-mdp.org.ar\/a\/wp-json\/wp\/v2\/posts"}],"about":[{"href":"https:\/\/www.obispado-mdp.org.ar\/a\/wp-json\/wp\/v2\/types\/post"}],"author":[{"embeddable":true,"href":"https:\/\/www.obispado-mdp.org.ar\/a\/wp-json\/wp\/v2\/users\/4"}],"replies":[{"embeddable":true,"href":"https:\/\/www.obispado-mdp.org.ar\/a\/wp-json\/wp\/v2\/comments?post=46468"}],"version-history":[{"count":1,"href":"https:\/\/www.obispado-mdp.org.ar\/a\/wp-json\/wp\/v2\/posts\/46468\/revisions"}],"predecessor-version":[{"id":46474,"href":"https:\/\/www.obispado-mdp.org.ar\/a\/wp-json\/wp\/v2\/posts\/46468\/revisions\/46474"}],"wp:attachment":[{"href":"https:\/\/www.obispado-mdp.org.ar\/a\/wp-json\/wp\/v2\/media?parent=46468"}],"wp:term":[{"taxonomy":"category","embeddable":true,"href":"https:\/\/www.obispado-mdp.org.ar\/a\/wp-json\/wp\/v2\/categories?post=46468"},{"taxonomy":"post_tag","embeddable":true,"href":"https:\/\/www.obispado-mdp.org.ar\/a\/wp-json\/wp\/v2\/tags?post=46468"}],"curies":[{"name":"wp","href":"https:\/\/api.w.org\/{rel}","templated":true}]}}