{"id":46476,"date":"2025-05-26T16:53:46","date_gmt":"2025-05-26T19:53:46","guid":{"rendered":"https:\/\/www.obispado-mdp.org.ar\/a\/?p=46476"},"modified":"2025-05-26T16:53:48","modified_gmt":"2025-05-26T19:53:48","slug":"mensaje-de-monsenor-giobando-en-el-215-aniversario-de-la-revolucion-de-mayo","status":"publish","type":"post","link":"https:\/\/www.obispado-mdp.org.ar\/a\/mensaje-de-monsenor-giobando-en-el-215-aniversario-de-la-revolucion-de-mayo\/","title":{"rendered":"Mensaje de monse\u00f1or Giobando en el 215 aniversario de la Revoluci\u00f3n de Mayo"},"content":{"rendered":"\n<p>El obispo de Mar del Plata, monse\u00f1or Ernesto Giobando sj. presidi\u00f3 este 25 de mayo por la ma\u00f1ana una Misa en la que se rez\u00f3 especialmente por la Patria. La misma se celebr\u00f3 en la Iglesia Catedral previamente al acto convocado por la Municipalidad en la que el Obispo pronunci\u00f3 una invocaci\u00f3n religiosa en la que record\u00f3 la invitaci\u00f3n del entonces arzobispo de Buenos Aires, cardenal Jorge Mario Bergoglio sj. de \u201cponerse la Patria al hombro\u201d y cit\u00f3 a Su Santidad Le\u00f3n XIV sintetizando el mensaje en los ejes paz, justicia y verdad.<\/p>\n\n\n\n<p>Descargar mensaje del Obispo:<\/p>\n\n\n\n<p><a href=\"https:\/\/drive.google.com\/file\/d\/10ED9NA4grkKDLkFz_JeVxfOue4ECYrD4\/view?usp=drive_link\">https:\/\/drive.google.com\/file\/d\/10ED9NA4grkKDLkFz_JeVxfOue4ECYrD4\/view?usp=drive_link<\/a><\/p>\n\n\n\n<figure class=\"wp-block-image size-large\"><img loading=\"lazy\" width=\"1024\" height=\"768\" src=\"https:\/\/www.obispado-mdp.org.ar\/a\/wp-content\/uploads\/2025\/05\/Portadas-web-1024x768.png\" alt=\"\" class=\"wp-image-46483\"\/><\/figure>\n\n\n\n<figure class=\"wp-block-image size-large\"><img loading=\"lazy\" width=\"1024\" height=\"473\" src=\"https:\/\/www.obispado-mdp.org.ar\/a\/wp-content\/uploads\/2025\/05\/WhatsApp-Image-2025-05-25-at-10.23.04-AM-1024x473.jpeg\" alt=\"\" class=\"wp-image-46479\"\/><\/figure>\n\n\n\n<figure class=\"wp-block-image size-large\"><img loading=\"lazy\" width=\"1024\" height=\"473\" src=\"https:\/\/www.obispado-mdp.org.ar\/a\/wp-content\/uploads\/2025\/05\/WhatsApp-Image-2025-05-25-at-10.23.07-AM-1-1024x473.jpeg\" alt=\"\" class=\"wp-image-46480\"\/><\/figure>\n\n\n\n<figure class=\"wp-block-image size-large is-resized\"><img loading=\"lazy\" src=\"https:\/\/www.obispado-mdp.org.ar\/a\/wp-content\/uploads\/2025\/05\/WhatsApp-Image-2025-05-26-at-12.29.50-PM-1-576x1024.jpeg\" alt=\"\" class=\"wp-image-46485\" width=\"823\" height=\"1463\"\/><\/figure>\n\n\n\n<figure class=\"wp-block-image size-large\"><img loading=\"lazy\" width=\"1024\" height=\"655\" src=\"https:\/\/www.obispado-mdp.org.ar\/a\/wp-content\/uploads\/2025\/05\/WhatsApp-Image-2025-05-26-at-12.29.50-PM-1024x655.jpeg\" alt=\"\" class=\"wp-image-46486\"\/><\/figure>\n","protected":false},"excerpt":{"rendered":"<p>El obispo de Mar del Plata, monse\u00f1or Ernesto Giobando sj. presidi\u00f3 este 25 de mayo por la ma\u00f1ana una Misa en la que se rez\u00f3 especialmente por la Patria. La misma se celebr\u00f3 en la Iglesia Catedral previamente al acto convocado por la Municipalidad en la que el Obispo pronunci\u00f3 una invocaci\u00f3n religiosa en la [&hellip;]<\/p>\n","protected":false},"author":4,"featured_media":0,"comment_status":"open","ping_status":"open","sticky":false,"template":"","format":"standard","meta":{"_et_pb_use_builder":"","_et_pb_old_content":"","_et_gb_content_width":""},"categories":[4],"tags":[],"aioseo_notices":[],"_links":{"self":[{"href":"https:\/\/www.obispado-mdp.org.ar\/a\/wp-json\/wp\/v2\/posts\/46476"}],"collection":[{"href":"https:\/\/www.obispado-mdp.org.ar\/a\/wp-json\/wp\/v2\/posts"}],"about":[{"href":"https:\/\/www.obispado-mdp.org.ar\/a\/wp-json\/wp\/v2\/types\/post"}],"author":[{"embeddable":true,"href":"https:\/\/www.obispado-mdp.org.ar\/a\/wp-json\/wp\/v2\/users\/4"}],"replies":[{"embeddable":true,"href":"https:\/\/www.obispado-mdp.org.ar\/a\/wp-json\/wp\/v2\/comments?post=46476"}],"version-history":[{"count":2,"href":"https:\/\/www.obispado-mdp.org.ar\/a\/wp-json\/wp\/v2\/posts\/46476\/revisions"}],"predecessor-version":[{"id":46487,"href":"https:\/\/www.obispado-mdp.org.ar\/a\/wp-json\/wp\/v2\/posts\/46476\/revisions\/46487"}],"wp:attachment":[{"href":"https:\/\/www.obispado-mdp.org.ar\/a\/wp-json\/wp\/v2\/media?parent=46476"}],"wp:term":[{"taxonomy":"category","embeddable":true,"href":"https:\/\/www.obispado-mdp.org.ar\/a\/wp-json\/wp\/v2\/categories?post=46476"},{"taxonomy":"post_tag","embeddable":true,"href":"https:\/\/www.obispado-mdp.org.ar\/a\/wp-json\/wp\/v2\/tags?post=46476"}],"curies":[{"name":"wp","href":"https:\/\/api.w.org\/{rel}","templated":true}]}}