{"id":46488,"date":"2025-05-24T08:17:00","date_gmt":"2025-05-24T11:17:00","guid":{"rendered":"https:\/\/www.obispado-mdp.org.ar\/a\/?p=46488"},"modified":"2025-05-27T15:37:54","modified_gmt":"2025-05-27T18:37:54","slug":"visita-del-obispo-a-la-localidad-de-vivorata","status":"publish","type":"post","link":"https:\/\/www.obispado-mdp.org.ar\/a\/visita-del-obispo-a-la-localidad-de-vivorata\/","title":{"rendered":"Visita del Obispo a la localidad de Vivorat\u00e1&nbsp;"},"content":{"rendered":"\n<p>El obispo diocesano, monse\u00f1or Ernesto Giobando sj mantuvo un encuentro este s\u00e1bado 24 de mayo con la comunidad parroquial de Nuestra Se\u00f1ora de Luj\u00e1n de Vivorat\u00e1 (Partido de Mar Chiquita).<\/p>\n\n\n\n<p>Adem\u00e1s de celebrar la Eucarist\u00eda, a la que asistieron autoridades de la Delegaci\u00f3n Municipal, el Obispo mantuvo un encuentro fraterno con los integrantes de la comunidad y con su p\u00e1rroco, presb\u00edtero Cristian Basterrechea.&nbsp;<\/p>\n\n\n\n<p>Familias de catequesis participaron activamente de la propuesta que les permiti\u00f3 dialogar con el Obispo y expresar sus inquietudes.&nbsp;<\/p>\n\n\n\n<figure class=\"wp-block-image size-large\"><img loading=\"lazy\" width=\"1024\" height=\"768\" src=\"https:\/\/www.obispado-mdp.org.ar\/a\/wp-content\/uploads\/2025\/05\/Portadas-web-2-1024x768.png\" alt=\"\" class=\"wp-image-46490\"\/><\/figure>\n\n\n\n<figure class=\"wp-block-image size-large\"><img loading=\"lazy\" width=\"1024\" height=\"473\" src=\"https:\/\/www.obispado-mdp.org.ar\/a\/wp-content\/uploads\/2025\/05\/PHOTO-2025-05-26-16-42-08-1024x473.jpg\" alt=\"\" class=\"wp-image-46492\"\/><\/figure>\n\n\n\n<figure class=\"wp-block-image size-large\"><img loading=\"lazy\" width=\"1024\" height=\"473\" src=\"https:\/\/www.obispado-mdp.org.ar\/a\/wp-content\/uploads\/2025\/05\/PHOTO-2025-05-26-16-42-03-1024x473.jpg\" alt=\"\" class=\"wp-image-46489\"\/><\/figure>\n","protected":false},"excerpt":{"rendered":"<p>El obispo diocesano, monse\u00f1or Ernesto Giobando sj mantuvo un encuentro este s\u00e1bado 24 de mayo con la comunidad parroquial de Nuestra Se\u00f1ora de Luj\u00e1n de Vivorat\u00e1 (Partido de Mar Chiquita). Adem\u00e1s de celebrar la Eucarist\u00eda, a la que asistieron autoridades de la Delegaci\u00f3n Municipal, el Obispo mantuvo un encuentro fraterno con los integrantes de la [&hellip;]<\/p>\n","protected":false},"author":4,"featured_media":0,"comment_status":"open","ping_status":"open","sticky":false,"template":"","format":"standard","meta":{"_et_pb_use_builder":"","_et_pb_old_content":"","_et_gb_content_width":""},"categories":[4],"tags":[],"aioseo_notices":[],"_links":{"self":[{"href":"https:\/\/www.obispado-mdp.org.ar\/a\/wp-json\/wp\/v2\/posts\/46488"}],"collection":[{"href":"https:\/\/www.obispado-mdp.org.ar\/a\/wp-json\/wp\/v2\/posts"}],"about":[{"href":"https:\/\/www.obispado-mdp.org.ar\/a\/wp-json\/wp\/v2\/types\/post"}],"author":[{"embeddable":true,"href":"https:\/\/www.obispado-mdp.org.ar\/a\/wp-json\/wp\/v2\/users\/4"}],"replies":[{"embeddable":true,"href":"https:\/\/www.obispado-mdp.org.ar\/a\/wp-json\/wp\/v2\/comments?post=46488"}],"version-history":[{"count":1,"href":"https:\/\/www.obispado-mdp.org.ar\/a\/wp-json\/wp\/v2\/posts\/46488\/revisions"}],"predecessor-version":[{"id":46493,"href":"https:\/\/www.obispado-mdp.org.ar\/a\/wp-json\/wp\/v2\/posts\/46488\/revisions\/46493"}],"wp:attachment":[{"href":"https:\/\/www.obispado-mdp.org.ar\/a\/wp-json\/wp\/v2\/media?parent=46488"}],"wp:term":[{"taxonomy":"category","embeddable":true,"href":"https:\/\/www.obispado-mdp.org.ar\/a\/wp-json\/wp\/v2\/categories?post=46488"},{"taxonomy":"post_tag","embeddable":true,"href":"https:\/\/www.obispado-mdp.org.ar\/a\/wp-json\/wp\/v2\/tags?post=46488"}],"curies":[{"name":"wp","href":"https:\/\/api.w.org\/{rel}","templated":true}]}}