{"id":46495,"date":"2025-05-30T18:39:29","date_gmt":"2025-05-30T21:39:29","guid":{"rendered":"https:\/\/www.obispado-mdp.org.ar\/a\/?p=46495"},"modified":"2025-05-30T18:39:31","modified_gmt":"2025-05-30T21:39:31","slug":"el-obispo-agradecio-la-labor-de-las-hermanas-de-los-ancianos-desamparados-que-tras-mas-de-70-anos-se-retiran-de-la-diocesis","status":"publish","type":"post","link":"https:\/\/www.obispado-mdp.org.ar\/a\/el-obispo-agradecio-la-labor-de-las-hermanas-de-los-ancianos-desamparados-que-tras-mas-de-70-anos-se-retiran-de-la-diocesis\/","title":{"rendered":"El Obispo agradeci\u00f3 la labor de las Hermanas de los Ancianos Desamparados que tras m\u00e1s de 70 a\u00f1os se retiran de la di\u00f3cesis"},"content":{"rendered":"\n<p>Mediante una carta, el obispo diocesano, monse\u00f1or Ernesto Giobando sj., agradeci\u00f3 a las Hermanas de los Ancianos Desamparados por los m\u00e1s de 70 a\u00f1os que sirvieron en la di\u00f3cesis, especialmente acompa\u00f1ando desde el Hogar Garc\u00eda Landera, a los adultos mayores de bajos recursos.<\/p>\n\n\n\n<p>El Obispo expres\u00f3 su agradecimiento por \u201cla entrega generosa y el testimonio de vida consagrada que tantas hermanas han ofrecido\u201d y asever\u00f3 que \u201csu dedicaci\u00f3n al cuidado de los ancianos m\u00e1s pobres y desamparados ha sido un testimonio luminoso del Evangelio, por lo que su partida deja una huella que dificilmente podr\u00e1 ser borrada.\u201d<\/p>\n\n\n\n<p>Monse\u00f1or Giobando explic\u00f3 adem\u00e1s que \u201cvivimos tiempos complejos, en los que muchas congregaciones, debido a la escasez de vocaciones, se ven llamadas a dejar obras que han sostenido por d\u00e9cadas\u201d, pero afirm\u00f3 que \u201ces un signo de los tiempos que nos invita a renovar nuestra oraci\u00f3n por las vocaciones, y tambi\u00e9n a confiar en que el Esp\u00edritu Santo sigue suscitando en la Iglesia caminos nuevos para acompa\u00f1ar y estar cerca de los m\u00e1s necesitados.\u201d<\/p>\n\n\n\n<p>\u201cHoy m\u00e1s que nunca, reconocemos que son muchas las formas que tiene la Iglesia de hacer presente el amor de Cristo a los pobres: no s\u00f3lo a trav\u00e9s de la vida consagrada, sino tambi\u00e9n mediante la acci\u00f3n de tantos laicos que con esp\u00edritu de servicio y sensibilidad humana, asumen tareas de cuidado y acompa\u00f1amiento en los distintos \u00e1mbitos de la sociedad\u201d, destac\u00f3 en la misiva.<\/p>\n\n\n\n<p>Finalmente agradeci\u00f3 \u201cel gesto del equipo que se har\u00e1 cargo del Hogar por su disposici\u00f3n a mantener la capilla abierta y favorecer la atenci\u00f3n espiritual.\u201d \u201cEse espacio es m\u00e1s que un templo: es un lugar de encuentro, consuelo y fe para quienes all\u00ed viven y trabajan. Que nunca falte all\u00ed el testimonio evang\u00e9lico, que brota del encuentro con el Se\u00f1or\u201d, exhort\u00f3.<\/p>\n\n\n\n<p>Y concluy\u00f3 \u201cGracias, Hermanas, por tantos a\u00f1os de fidelidad silenciosa y alegre. Que el carisma de Santa Teresa de Jornet e Ivars siga guiando su misi\u00f3n all\u00ed donde el Se\u00f1or las llame para que puedan seguir cuidando a los ancianos como ustedes saben hacerlo. Rezamos por ustedes, con gratitud y esperanza.\u201d<\/p>\n\n\n\n<p><\/p>\n\n\n\n<p>carta del Obispo: <a href=\"https:\/\/drive.google.com\/file\/d\/1-EULT3nLA3yYPqNIQht6ijRlq1HkWAz8\/view?usp=sharing\">https:\/\/drive.google.com\/file\/d\/1-EULT3nLA3yYPqNIQht6ijRlq1HkWAz8\/view?usp=sharing<\/a><\/p>\n\n\n\n<p><\/p>\n\n\n\n<p><\/p>\n\n\n\n<figure class=\"wp-block-image size-large\"><img loading=\"lazy\" width=\"1024\" height=\"768\" src=\"https:\/\/www.obispado-mdp.org.ar\/a\/wp-content\/uploads\/2025\/05\/Portadas-web-1-1024x768.png\" alt=\"\" class=\"wp-image-46496\"\/><\/figure>\n","protected":false},"excerpt":{"rendered":"<p>Mediante una carta, el obispo diocesano, monse\u00f1or Ernesto Giobando sj., agradeci\u00f3 a las Hermanas de los Ancianos Desamparados por los m\u00e1s de 70 a\u00f1os que sirvieron en la di\u00f3cesis, especialmente acompa\u00f1ando desde el Hogar Garc\u00eda Landera, a los adultos mayores de bajos recursos. El Obispo expres\u00f3 su agradecimiento por \u201cla entrega generosa y el testimonio [&hellip;]<\/p>\n","protected":false},"author":4,"featured_media":0,"comment_status":"open","ping_status":"open","sticky":false,"template":"","format":"standard","meta":{"_et_pb_use_builder":"","_et_pb_old_content":"","_et_gb_content_width":""},"categories":[4],"tags":[],"aioseo_notices":[],"_links":{"self":[{"href":"https:\/\/www.obispado-mdp.org.ar\/a\/wp-json\/wp\/v2\/posts\/46495"}],"collection":[{"href":"https:\/\/www.obispado-mdp.org.ar\/a\/wp-json\/wp\/v2\/posts"}],"about":[{"href":"https:\/\/www.obispado-mdp.org.ar\/a\/wp-json\/wp\/v2\/types\/post"}],"author":[{"embeddable":true,"href":"https:\/\/www.obispado-mdp.org.ar\/a\/wp-json\/wp\/v2\/users\/4"}],"replies":[{"embeddable":true,"href":"https:\/\/www.obispado-mdp.org.ar\/a\/wp-json\/wp\/v2\/comments?post=46495"}],"version-history":[{"count":1,"href":"https:\/\/www.obispado-mdp.org.ar\/a\/wp-json\/wp\/v2\/posts\/46495\/revisions"}],"predecessor-version":[{"id":46497,"href":"https:\/\/www.obispado-mdp.org.ar\/a\/wp-json\/wp\/v2\/posts\/46495\/revisions\/46497"}],"wp:attachment":[{"href":"https:\/\/www.obispado-mdp.org.ar\/a\/wp-json\/wp\/v2\/media?parent=46495"}],"wp:term":[{"taxonomy":"category","embeddable":true,"href":"https:\/\/www.obispado-mdp.org.ar\/a\/wp-json\/wp\/v2\/categories?post=46495"},{"taxonomy":"post_tag","embeddable":true,"href":"https:\/\/www.obispado-mdp.org.ar\/a\/wp-json\/wp\/v2\/tags?post=46495"}],"curies":[{"name":"wp","href":"https:\/\/api.w.org\/{rel}","templated":true}]}}