{"id":46498,"date":"2025-05-29T18:52:00","date_gmt":"2025-05-29T21:52:00","guid":{"rendered":"https:\/\/www.obispado-mdp.org.ar\/a\/?p=46498"},"modified":"2025-05-30T19:20:14","modified_gmt":"2025-05-30T22:20:14","slug":"sacerdotes-de-la-diocesis-se-formaron-sobre-inteligencia-artificial-y-reflexionaron-sobre-sinodalidad","status":"publish","type":"post","link":"https:\/\/www.obispado-mdp.org.ar\/a\/sacerdotes-de-la-diocesis-se-formaron-sobre-inteligencia-artificial-y-reflexionaron-sobre-sinodalidad\/","title":{"rendered":"Sacerdotes de la di\u00f3cesis se formaron sobre Inteligencia Artificial y reflexionaron sobre sinodalidad"},"content":{"rendered":"\n<p>El clero de la di\u00f3cesis de Mar del Plata particip\u00f3 esta semana, del lunes 26 al jueves 29 de junio, de la \u201cSemana de Actualizaci\u00f3n Teol\u00f3gico-Pastoral\u201d que cada a\u00f1o los re\u00fane en la Casa de Ejercicios \u201cSan Francisco y Santa Clara\u201d, del Bosque Peralta Ramos (Mar del Plata). Del encuentro particip\u00f3 el obispo, monse\u00f1or Ernesto Giobando sj.<\/p>\n\n\n\n<p>Las primeras charlas estuvieron enfocadas en comprender las caracter\u00edsticas y los desaf\u00edos de la inteligencia artificial. A la luz de las disertaciones del doctor en Educaci\u00f3n Gustavo de Elorza Feldborg, los sacerdotes profundizaron en la tem\u00e1tica de la IA, con especial \u00e9nfasis en los desaf\u00edos educativos. En el mismo sentido, el sacerdote de Fasta Pbro. Dr. Alejandro Ramos abord\u00f3 el tema desde la perspectiva \u00e9tica y pastoral, aportando las reflexiones del Magisterio de la Iglesia al respecto.<\/p>\n\n\n\n<p>La segunda parte de la semana formativa estuvo a cargo del arzobispo de La Plata, monse\u00f1or Gustavo Carrara, quien particip\u00f3 en Brasilia del Encuentro Sinodal del Cono Sur -parte de la etapa continental del S\u00ednodo de la Sinodalidad- y acerc\u00f3 a los sacerdotes reunidos los textos que surgieron del mismo, los cuales fueron objeto de la reflexi\u00f3n y el trabajo grupal de los presb\u00edteros.<\/p>\n\n\n\n<figure class=\"wp-block-image size-large\"><img loading=\"lazy\" width=\"1024\" height=\"768\" src=\"https:\/\/www.obispado-mdp.org.ar\/a\/wp-content\/uploads\/2025\/05\/Portadas-web-2-1-1024x768.png\" alt=\"\" class=\"wp-image-46499\"\/><\/figure>\n\n\n\n<figure class=\"wp-block-image size-large\"><img loading=\"lazy\" width=\"1024\" height=\"837\" src=\"https:\/\/www.obispado-mdp.org.ar\/a\/wp-content\/uploads\/2025\/05\/IMG_3232-1024x837.jpg\" alt=\"\" class=\"wp-image-46500\"\/><\/figure>\n\n\n\n<figure class=\"wp-block-image size-large is-resized\"><img loading=\"lazy\" src=\"https:\/\/www.obispado-mdp.org.ar\/a\/wp-content\/uploads\/2025\/05\/IMG_3225-768x1024.jpg\" alt=\"\" class=\"wp-image-46501\" width=\"822\" height=\"1096\"\/><\/figure>\n\n\n\n<figure class=\"wp-block-image size-large is-resized\"><img loading=\"lazy\" src=\"https:\/\/www.obispado-mdp.org.ar\/a\/wp-content\/uploads\/2025\/05\/IMG_3227-768x1024.jpg\" alt=\"\" class=\"wp-image-46502\" width=\"819\" height=\"1092\"\/><\/figure>\n\n\n\n<figure class=\"wp-block-image size-large\"><img loading=\"lazy\" width=\"1024\" height=\"836\" src=\"https:\/\/www.obispado-mdp.org.ar\/a\/wp-content\/uploads\/2025\/05\/IMG_3231-1024x836.jpg\" alt=\"\" class=\"wp-image-46503\"\/><\/figure>\n\n\n\n<figure class=\"wp-block-image size-large is-resized\"><img loading=\"lazy\" src=\"https:\/\/www.obispado-mdp.org.ar\/a\/wp-content\/uploads\/2025\/05\/IMG_3235-733x1024.jpg\" alt=\"\" class=\"wp-image-46504\" width=\"822\" height=\"1148\"\/><\/figure>\n","protected":false},"excerpt":{"rendered":"<p>El clero de la di\u00f3cesis de Mar del Plata particip\u00f3 esta semana, del lunes 26 al jueves 29 de junio, de la \u201cSemana de Actualizaci\u00f3n Teol\u00f3gico-Pastoral\u201d que cada a\u00f1o los re\u00fane en la Casa de Ejercicios \u201cSan Francisco y Santa Clara\u201d, del Bosque Peralta Ramos (Mar del Plata). Del encuentro particip\u00f3 el obispo, monse\u00f1or Ernesto [&hellip;]<\/p>\n","protected":false},"author":4,"featured_media":0,"comment_status":"open","ping_status":"open","sticky":false,"template":"","format":"standard","meta":{"_et_pb_use_builder":"","_et_pb_old_content":"","_et_gb_content_width":""},"categories":[4],"tags":[],"aioseo_notices":[],"_links":{"self":[{"href":"https:\/\/www.obispado-mdp.org.ar\/a\/wp-json\/wp\/v2\/posts\/46498"}],"collection":[{"href":"https:\/\/www.obispado-mdp.org.ar\/a\/wp-json\/wp\/v2\/posts"}],"about":[{"href":"https:\/\/www.obispado-mdp.org.ar\/a\/wp-json\/wp\/v2\/types\/post"}],"author":[{"embeddable":true,"href":"https:\/\/www.obispado-mdp.org.ar\/a\/wp-json\/wp\/v2\/users\/4"}],"replies":[{"embeddable":true,"href":"https:\/\/www.obispado-mdp.org.ar\/a\/wp-json\/wp\/v2\/comments?post=46498"}],"version-history":[{"count":1,"href":"https:\/\/www.obispado-mdp.org.ar\/a\/wp-json\/wp\/v2\/posts\/46498\/revisions"}],"predecessor-version":[{"id":46505,"href":"https:\/\/www.obispado-mdp.org.ar\/a\/wp-json\/wp\/v2\/posts\/46498\/revisions\/46505"}],"wp:attachment":[{"href":"https:\/\/www.obispado-mdp.org.ar\/a\/wp-json\/wp\/v2\/media?parent=46498"}],"wp:term":[{"taxonomy":"category","embeddable":true,"href":"https:\/\/www.obispado-mdp.org.ar\/a\/wp-json\/wp\/v2\/categories?post=46498"},{"taxonomy":"post_tag","embeddable":true,"href":"https:\/\/www.obispado-mdp.org.ar\/a\/wp-json\/wp\/v2\/tags?post=46498"}],"curies":[{"name":"wp","href":"https:\/\/api.w.org\/{rel}","templated":true}]}}