{"id":46510,"date":"2025-05-30T21:34:00","date_gmt":"2025-05-31T00:34:00","guid":{"rendered":"https:\/\/www.obispado-mdp.org.ar\/a\/?p=46510"},"modified":"2025-05-30T20:35:35","modified_gmt":"2025-05-30T23:35:35","slug":"el-padre-enrique-pio-asumio-como-parroco-de-san-carlos-borromeo","status":"publish","type":"post","link":"https:\/\/www.obispado-mdp.org.ar\/a\/el-padre-enrique-pio-asumio-como-parroco-de-san-carlos-borromeo\/","title":{"rendered":"El padre Enrique Pio asumi\u00f3 como p\u00e1rroco de San Carlos Borromeo"},"content":{"rendered":"\n<p>Este viernes 30, en una misa presidida en horas de la tarde por monse\u00f1or Ernesto Giobando sj., el presb\u00edtero Enrique Luis Pio tom\u00f3 posesi\u00f3n como p\u00e1rroco de San Carlos Borromeo, en la ciudad de Mar del Plata, sucediendo al padre Silvano de Sarro, quien recientemente asumi\u00f3 como p\u00e1rroco de Sagrado Coraz\u00f3n de Jes\u00fas, en General Madariaga.<\/p>\n\n\n\n<p>El padre Enrique, hasta ahora p\u00e1rroco de Nuestra Se\u00f1ora del Pilar en Sierra de los Padres fue acompa\u00f1ado por su familia y por fieles de las comunidades en las que se desempe\u00f1\u00f3 anteriormente. Tras rociar a la asamblea con agua bendita, tal como lo establece el rito de toma de posesi\u00f3n de un p\u00e1rroco, sigui\u00f3 la Liturgia de la Palabra en la que Pio recibi\u00f3 de manos del Obispo el Evangeliario, como signo de la misi\u00f3n que asume de anunciar en esa porci\u00f3n del pueblo de Dios, la Buena Noticia.<\/p>\n\n\n\n<p>Seguidamente, el Obispo pronunci\u00f3 su homil\u00eda, en la que adem\u00e1s de comentar los textos b\u00edblicos, agradeci\u00f3 la disponibilidad del padre Enrique y la labor desempe\u00f1ada durante m\u00e1s de cuatro a\u00f1os por el padre Silvano, presente en la celebraci\u00f3n.<\/p>\n\n\n\n<p>Al finalizar la celebraci\u00f3n, y habiendo ya realizado los juramentos propios del oficio, el padre Enrique agradeci\u00f3 el recibimiento de la comunidad y los exhort\u00f3 a \u201cvivir en la Iglesia como en una gran familia para anunciar la alegr\u00eda del Evangelio.\u201d<\/p>\n\n\n\n<p><\/p>\n\n\n\n<figure class=\"wp-block-image size-large\"><img loading=\"lazy\" width=\"1024\" height=\"768\" src=\"https:\/\/www.obispado-mdp.org.ar\/a\/wp-content\/uploads\/2025\/05\/Portadas-web-3-1024x768.png\" alt=\"\" class=\"wp-image-46512\"\/><\/figure>\n\n\n\n<figure class=\"wp-block-image size-large is-resized\"><img loading=\"lazy\" src=\"https:\/\/www.obispado-mdp.org.ar\/a\/wp-content\/uploads\/2025\/05\/WhatsApp-Image-2025-05-30-at-6.30.07-PM-768x1024.jpeg\" alt=\"\" class=\"wp-image-46516\" width=\"824\" height=\"1099\"\/><\/figure>\n\n\n\n<figure class=\"wp-block-image size-large is-resized\"><img loading=\"lazy\" src=\"https:\/\/www.obispado-mdp.org.ar\/a\/wp-content\/uploads\/2025\/05\/WhatsApp-Image-2025-05-30-at-6.30.06-PM-768x1024.jpeg\" alt=\"\" class=\"wp-image-46517\" width=\"830\" height=\"1107\"\/><\/figure>\n\n\n\n<figure class=\"wp-block-image size-large is-resized\"><img loading=\"lazy\" src=\"https:\/\/www.obispado-mdp.org.ar\/a\/wp-content\/uploads\/2025\/05\/WhatsApp-Image-2025-05-30-at-6.30.08-PM-1-768x1024.jpeg\" alt=\"\" class=\"wp-image-46513\" width=\"828\" height=\"1104\"\/><\/figure>\n\n\n\n<figure class=\"wp-block-image size-large is-resized\"><img loading=\"lazy\" src=\"https:\/\/www.obispado-mdp.org.ar\/a\/wp-content\/uploads\/2025\/05\/WhatsApp-Image-2025-05-30-at-6.30.08-PM-768x1024.jpeg\" alt=\"\" class=\"wp-image-46514\" width=\"825\" height=\"1100\"\/><\/figure>\n\n\n\n<figure class=\"wp-block-image size-large is-resized\"><img loading=\"lazy\" src=\"https:\/\/www.obispado-mdp.org.ar\/a\/wp-content\/uploads\/2025\/05\/WhatsApp-Image-2025-05-30-at-6.30.12-PM-768x1024.jpeg\" alt=\"\" class=\"wp-image-46515\" width=\"815\" height=\"1087\"\/><\/figure>\n","protected":false},"excerpt":{"rendered":"<p>Este viernes 30, en una misa presidida en horas de la tarde por monse\u00f1or Ernesto Giobando sj., el presb\u00edtero Enrique Luis Pio tom\u00f3 posesi\u00f3n como p\u00e1rroco de San Carlos Borromeo, en la ciudad de Mar del Plata, sucediendo al padre Silvano de Sarro, quien recientemente asumi\u00f3 como p\u00e1rroco de Sagrado Coraz\u00f3n de Jes\u00fas, en General [&hellip;]<\/p>\n","protected":false},"author":4,"featured_media":0,"comment_status":"open","ping_status":"open","sticky":false,"template":"","format":"standard","meta":{"_et_pb_use_builder":"","_et_pb_old_content":"","_et_gb_content_width":""},"categories":[4],"tags":[],"aioseo_notices":[],"_links":{"self":[{"href":"https:\/\/www.obispado-mdp.org.ar\/a\/wp-json\/wp\/v2\/posts\/46510"}],"collection":[{"href":"https:\/\/www.obispado-mdp.org.ar\/a\/wp-json\/wp\/v2\/posts"}],"about":[{"href":"https:\/\/www.obispado-mdp.org.ar\/a\/wp-json\/wp\/v2\/types\/post"}],"author":[{"embeddable":true,"href":"https:\/\/www.obispado-mdp.org.ar\/a\/wp-json\/wp\/v2\/users\/4"}],"replies":[{"embeddable":true,"href":"https:\/\/www.obispado-mdp.org.ar\/a\/wp-json\/wp\/v2\/comments?post=46510"}],"version-history":[{"count":3,"href":"https:\/\/www.obispado-mdp.org.ar\/a\/wp-json\/wp\/v2\/posts\/46510\/revisions"}],"predecessor-version":[{"id":46523,"href":"https:\/\/www.obispado-mdp.org.ar\/a\/wp-json\/wp\/v2\/posts\/46510\/revisions\/46523"}],"wp:attachment":[{"href":"https:\/\/www.obispado-mdp.org.ar\/a\/wp-json\/wp\/v2\/media?parent=46510"}],"wp:term":[{"taxonomy":"category","embeddable":true,"href":"https:\/\/www.obispado-mdp.org.ar\/a\/wp-json\/wp\/v2\/categories?post=46510"},{"taxonomy":"post_tag","embeddable":true,"href":"https:\/\/www.obispado-mdp.org.ar\/a\/wp-json\/wp\/v2\/tags?post=46510"}],"curies":[{"name":"wp","href":"https:\/\/api.w.org\/{rel}","templated":true}]}}