{"id":46520,"date":"2025-05-30T20:11:54","date_gmt":"2025-05-30T23:11:54","guid":{"rendered":"https:\/\/www.obispado-mdp.org.ar\/a\/?p=46520"},"modified":"2025-05-30T20:11:55","modified_gmt":"2025-05-30T23:11:55","slug":"se-constituyo-el-secretariado-diocesano-de-pastoral-social","status":"publish","type":"post","link":"https:\/\/www.obispado-mdp.org.ar\/a\/se-constituyo-el-secretariado-diocesano-de-pastoral-social\/","title":{"rendered":"Se constituy\u00f3 el Secretariado Diocesano de Pastoral Social"},"content":{"rendered":"\n<p>Mediante un decreto del obispo diocesano, monse\u00f1or Ernesto Giobando sj., qued\u00f3 constituido en la di\u00f3cesis de Mar del Plata el Secretariado de Pastoral Social. El mismo depender\u00e1 de la Vicar\u00eda General, a cargo del presb\u00edtero Hern\u00e1n David. Asimismo fueron designados sus animadores: el Dr. Roberto Benzo, el Dr. Fernando Navarra y la Dra. Ana Laura Vulcano.<\/p>\n\n\n\n<p>La disposici\u00f3n del Obispo Diocesano establece adem\u00e1s que el mencionado equipo animador \u201ctendr\u00e1 por misi\u00f3n vincular todas las pastorales diocesanas que animan los diferentes \u00e1mbitos sociales, promover el conocimiento de la Doctrina Social de la Iglesia y crear las \u00e1reas propias para esta dimensi\u00f3n de la evangelizaci\u00f3n, convocando para ello a personas id\u00f3neas para trabajar y dar respuestas en todo lo concerniente a la realidad social, econ\u00f3mica, sindical, pol\u00edtica y ecol\u00f3gica.\u201d<\/p>\n\n\n\n<figure class=\"wp-block-image size-large\"><img loading=\"lazy\" width=\"1024\" height=\"768\" src=\"https:\/\/www.obispado-mdp.org.ar\/a\/wp-content\/uploads\/2025\/05\/Portadas-web-4-1024x768.png\" alt=\"\" class=\"wp-image-46521\"\/><\/figure>\n","protected":false},"excerpt":{"rendered":"<p>Mediante un decreto del obispo diocesano, monse\u00f1or Ernesto Giobando sj., qued\u00f3 constituido en la di\u00f3cesis de Mar del Plata el Secretariado de Pastoral Social. El mismo depender\u00e1 de la Vicar\u00eda General, a cargo del presb\u00edtero Hern\u00e1n David. Asimismo fueron designados sus animadores: el Dr. Roberto Benzo, el Dr. Fernando Navarra y la Dra. Ana Laura [&hellip;]<\/p>\n","protected":false},"author":4,"featured_media":0,"comment_status":"open","ping_status":"open","sticky":false,"template":"","format":"standard","meta":{"_et_pb_use_builder":"","_et_pb_old_content":"","_et_gb_content_width":""},"categories":[4],"tags":[],"aioseo_notices":[],"_links":{"self":[{"href":"https:\/\/www.obispado-mdp.org.ar\/a\/wp-json\/wp\/v2\/posts\/46520"}],"collection":[{"href":"https:\/\/www.obispado-mdp.org.ar\/a\/wp-json\/wp\/v2\/posts"}],"about":[{"href":"https:\/\/www.obispado-mdp.org.ar\/a\/wp-json\/wp\/v2\/types\/post"}],"author":[{"embeddable":true,"href":"https:\/\/www.obispado-mdp.org.ar\/a\/wp-json\/wp\/v2\/users\/4"}],"replies":[{"embeddable":true,"href":"https:\/\/www.obispado-mdp.org.ar\/a\/wp-json\/wp\/v2\/comments?post=46520"}],"version-history":[{"count":1,"href":"https:\/\/www.obispado-mdp.org.ar\/a\/wp-json\/wp\/v2\/posts\/46520\/revisions"}],"predecessor-version":[{"id":46522,"href":"https:\/\/www.obispado-mdp.org.ar\/a\/wp-json\/wp\/v2\/posts\/46520\/revisions\/46522"}],"wp:attachment":[{"href":"https:\/\/www.obispado-mdp.org.ar\/a\/wp-json\/wp\/v2\/media?parent=46520"}],"wp:term":[{"taxonomy":"category","embeddable":true,"href":"https:\/\/www.obispado-mdp.org.ar\/a\/wp-json\/wp\/v2\/categories?post=46520"},{"taxonomy":"post_tag","embeddable":true,"href":"https:\/\/www.obispado-mdp.org.ar\/a\/wp-json\/wp\/v2\/tags?post=46520"}],"curies":[{"name":"wp","href":"https:\/\/api.w.org\/{rel}","templated":true}]}}