{"id":46589,"date":"2025-05-31T15:01:00","date_gmt":"2025-05-31T18:01:00","guid":{"rendered":"https:\/\/www.obispado-mdp.org.ar\/a\/?p=46589"},"modified":"2025-06-02T15:14:24","modified_gmt":"2025-06-02T18:14:24","slug":"en-la-fiesta-de-la-visitacion-la-gloria-de-la-peregrina-celebro-su-patronal","status":"publish","type":"post","link":"https:\/\/www.obispado-mdp.org.ar\/a\/en-la-fiesta-de-la-visitacion-la-gloria-de-la-peregrina-celebro-su-patronal\/","title":{"rendered":"<strong>En la Fiesta de la Visitaci\u00f3n, La Gloria de la Peregrina celebr\u00f3 su Patronal<\/strong>"},"content":{"rendered":"\n<p>En la Fiesta de la Visitaci\u00f3n, la comunidad de la Capilla Nuestra Se\u00f1ora La Peregrina (La Gloria de la Peregrina &#8211; Sierra de los Padres), celebr\u00f3 por primera vez a su Patrona en su flamante templo consagrado el pasado mes de febrero.<\/p>\n\n\n\n<p>La celebraci\u00f3n, que estuvo presidida por el obispo diocesano, monse\u00f1or Ernesto Giobando sj., comenz\u00f3 con la procesi\u00f3n que recorri\u00f3 las calles de la zona realizando paradas en algunos de los hogares que ten\u00edan preparados sus altares dom\u00e9sticos con algunas im\u00e1genes de veneraci\u00f3n por parte de las familias, o que solicitaban la bendici\u00f3n para sus enfermos. Tambi\u00e9n se realizaron sendas paradas en la Asociaci\u00f3n de Vecinos, donde un grupo de fieles ofreci\u00f3 un canto a la Virgen, y en la escuela del barrio, donde se leyeron las intenciones de los ni\u00f1os de catequesis.<\/p>\n\n\n\n<p>Seguidamente, en un templo colmado de fieles, se celebr\u00f3 la Eucarist\u00eda en la que el Obispo anim\u00f3 a la comunidad a seguir llevando como Mar\u00eda la alegr\u00eda del Evangelio.&nbsp;<\/p>\n\n\n\n<p>La jornada concluy\u00f3 con un encuentro familiar con chocolatada y dulces, que sirvi\u00f3 como marco para el compartir de la comunidad junto con los devotos y peregrinos que compartieron la celebraci\u00f3n.<\/p>\n\n\n\n<p>Se inform\u00f3 adem\u00e1s que el pr\u00f3ximo 7 de junio se llevar\u00e1 a cabo en ese templo un \u201cconcierto sensorial\u201d a cargo del \u201cArs Peregrinae Vocem\u201d, cuyo director es el Mtro. Jos\u00e9 Mar\u00eda Ulla, el cual ser\u00e1 a la memoria del papa Francisco. El mismo es de entrada gratuita, s\u00f3lo con reserva (al 223673943).<\/p>\n\n\n\n<figure class=\"wp-block-image size-large\"><img loading=\"lazy\" width=\"1024\" height=\"768\" src=\"https:\/\/www.obispado-mdp.org.ar\/a\/wp-content\/uploads\/2025\/06\/Portadas-web-5-1024x768.png\" alt=\"\" class=\"wp-image-46598\"\/><\/figure>\n\n\n\n<figure class=\"wp-block-image size-large is-resized\"><img loading=\"lazy\" src=\"https:\/\/www.obispado-mdp.org.ar\/a\/wp-content\/uploads\/2025\/06\/PHOTO-2025-05-31-19-07-50-768x1024.jpg\" alt=\"\" class=\"wp-image-46596\" width=\"820\" height=\"1093\"\/><\/figure>\n\n\n\n<figure class=\"wp-block-image size-large\"><img loading=\"lazy\" width=\"1024\" height=\"768\" src=\"https:\/\/www.obispado-mdp.org.ar\/a\/wp-content\/uploads\/2025\/06\/PHOTO-2025-05-31-19-07-51_2-1024x768.jpg\" alt=\"\" class=\"wp-image-46595\"\/><\/figure>\n\n\n\n<figure class=\"wp-block-image size-large\"><img loading=\"lazy\" width=\"1024\" height=\"768\" src=\"https:\/\/www.obispado-mdp.org.ar\/a\/wp-content\/uploads\/2025\/06\/PHOTO-2025-05-31-19-07-54_1-1024x768.jpg\" alt=\"\" class=\"wp-image-46593\"\/><\/figure>\n\n\n\n<figure class=\"wp-block-image size-large\"><img loading=\"lazy\" width=\"1024\" height=\"554\" src=\"https:\/\/www.obispado-mdp.org.ar\/a\/wp-content\/uploads\/2025\/06\/PHOTO-2025-05-31-19-07-49-1024x554.jpg\" alt=\"\" class=\"wp-image-46597\"\/><\/figure>\n\n\n\n<figure class=\"wp-block-image size-large is-resized\"><img loading=\"lazy\" src=\"https:\/\/www.obispado-mdp.org.ar\/a\/wp-content\/uploads\/2025\/06\/PHOTO-2025-05-31-19-07-53-768x1024.jpg\" alt=\"\" class=\"wp-image-46591\" width=\"820\" height=\"1093\"\/><\/figure>\n\n\n\n<figure class=\"wp-block-image size-large is-resized\"><img loading=\"lazy\" src=\"https:\/\/www.obispado-mdp.org.ar\/a\/wp-content\/uploads\/2025\/06\/PHOTO-2025-05-31-19-07-55-768x1024.jpg\" alt=\"\" class=\"wp-image-46592\" width=\"819\" height=\"1092\"\/><\/figure>\n\n\n\n<figure class=\"wp-block-image size-large is-resized\"><img loading=\"lazy\" src=\"https:\/\/www.obispado-mdp.org.ar\/a\/wp-content\/uploads\/2025\/06\/PHOTO-2025-05-31-19-07-55_1-768x1024.jpg\" alt=\"\" class=\"wp-image-46594\" width=\"821\" height=\"1095\"\/><\/figure>\n","protected":false},"excerpt":{"rendered":"<p>En la Fiesta de la Visitaci\u00f3n, la comunidad de la Capilla Nuestra Se\u00f1ora La Peregrina (La Gloria de la Peregrina &#8211; Sierra de los Padres), celebr\u00f3 por primera vez a su Patrona en su flamante templo consagrado el pasado mes de febrero. La celebraci\u00f3n, que estuvo presidida por el obispo diocesano, monse\u00f1or Ernesto Giobando sj., [&hellip;]<\/p>\n","protected":false},"author":4,"featured_media":0,"comment_status":"open","ping_status":"open","sticky":false,"template":"","format":"standard","meta":{"_et_pb_use_builder":"","_et_pb_old_content":"","_et_gb_content_width":""},"categories":[4],"tags":[],"aioseo_notices":[],"_links":{"self":[{"href":"https:\/\/www.obispado-mdp.org.ar\/a\/wp-json\/wp\/v2\/posts\/46589"}],"collection":[{"href":"https:\/\/www.obispado-mdp.org.ar\/a\/wp-json\/wp\/v2\/posts"}],"about":[{"href":"https:\/\/www.obispado-mdp.org.ar\/a\/wp-json\/wp\/v2\/types\/post"}],"author":[{"embeddable":true,"href":"https:\/\/www.obispado-mdp.org.ar\/a\/wp-json\/wp\/v2\/users\/4"}],"replies":[{"embeddable":true,"href":"https:\/\/www.obispado-mdp.org.ar\/a\/wp-json\/wp\/v2\/comments?post=46589"}],"version-history":[{"count":1,"href":"https:\/\/www.obispado-mdp.org.ar\/a\/wp-json\/wp\/v2\/posts\/46589\/revisions"}],"predecessor-version":[{"id":46599,"href":"https:\/\/www.obispado-mdp.org.ar\/a\/wp-json\/wp\/v2\/posts\/46589\/revisions\/46599"}],"wp:attachment":[{"href":"https:\/\/www.obispado-mdp.org.ar\/a\/wp-json\/wp\/v2\/media?parent=46589"}],"wp:term":[{"taxonomy":"category","embeddable":true,"href":"https:\/\/www.obispado-mdp.org.ar\/a\/wp-json\/wp\/v2\/categories?post=46589"},{"taxonomy":"post_tag","embeddable":true,"href":"https:\/\/www.obispado-mdp.org.ar\/a\/wp-json\/wp\/v2\/tags?post=46589"}],"curies":[{"name":"wp","href":"https:\/\/api.w.org\/{rel}","templated":true}]}}