{"id":46600,"date":"2025-06-06T19:48:36","date_gmt":"2025-06-06T22:48:36","guid":{"rendered":"https:\/\/www.obispado-mdp.org.ar\/a\/?p=46600"},"modified":"2025-06-06T19:48:37","modified_gmt":"2025-06-06T22:48:37","slug":"asumio-el-padre-daniel-climente-en-san-juan-bautista","status":"publish","type":"post","link":"https:\/\/www.obispado-mdp.org.ar\/a\/asumio-el-padre-daniel-climente-en-san-juan-bautista\/","title":{"rendered":"<strong>&nbsp;Asumi\u00f3 el padre Daniel Climente en San Juan Bautista<\/strong>"},"content":{"rendered":"\n<p>La Parroquia San Juan Bautista, ubicada en San Juan entre Castelli y Alvarado, de la ciudad de Mar del Plata, recibi\u00f3 este s\u00e1bado 30 al padre Daniel Climente, quien asumi\u00f3 como p\u00e1rroco en la Misa que presidi\u00f3 el obispo diocesano, monse\u00f1or Ernesto Giobando sj.<\/p>\n\n\n\n<p>La celebraci\u00f3n comenz\u00f3 como es de costumbre en la toma de posesi\u00f3n de un p\u00e1rroco, con la aspersi\u00f3n con agua bendita por parte del nuevo pastor. Seguidamente se proclamaron las lecturas b\u00edblicas, siendo el padre Climente quien anunci\u00f3 el Evangelio, que previamente recibi\u00f3 de manos del Obispo. A continuaci\u00f3n monse\u00f1or Giobando coment\u00f3 las lecturas y agradeci\u00f3 la disponibilidad del padre Daniel y la tarea realizada en esa comunidad por el padre Luciano Alzueta.<\/p>\n\n\n\n<p>El padre Daniel fue recientemente p\u00e1rroco en Sagrado Coraz\u00f3n de Jes\u00fas, de General Madariaga, y ha estado siempre vinculado a la pastoral lit\u00fargica, particularmente desde la m\u00fasica, \u00e1mbito en el que es reconocido, destac\u00e1ndose su participaci\u00f3n en en Grupo Pueblo de Dios.<\/p>\n\n\n\n<figure class=\"wp-block-image size-large\"><img loading=\"lazy\" width=\"1024\" height=\"768\" src=\"https:\/\/www.obispado-mdp.org.ar\/a\/wp-content\/uploads\/2025\/06\/Portadas-web-6-1024x768.png\" alt=\"\" class=\"wp-image-46602\"\/><\/figure>\n\n\n\n<figure class=\"wp-block-image size-large is-resized\"><img loading=\"lazy\" src=\"https:\/\/www.obispado-mdp.org.ar\/a\/wp-content\/uploads\/2025\/06\/WhatsApp-Image-2025-05-31-at-12.18.38-PM-1-768x1024.jpeg\" alt=\"\" class=\"wp-image-46603\" width=\"818\" height=\"1091\"\/><\/figure>\n\n\n\n<figure class=\"wp-block-image size-large is-resized\"><img loading=\"lazy\" src=\"https:\/\/www.obispado-mdp.org.ar\/a\/wp-content\/uploads\/2025\/06\/WhatsApp-Image-2025-05-31-at-12.18.38-PM-768x1024.jpeg\" alt=\"\" class=\"wp-image-46601\" width=\"821\" height=\"1095\"\/><\/figure>\n","protected":false},"excerpt":{"rendered":"<p>La Parroquia San Juan Bautista, ubicada en San Juan entre Castelli y Alvarado, de la ciudad de Mar del Plata, recibi\u00f3 este s\u00e1bado 30 al padre Daniel Climente, quien asumi\u00f3 como p\u00e1rroco en la Misa que presidi\u00f3 el obispo diocesano, monse\u00f1or Ernesto Giobando sj. La celebraci\u00f3n comenz\u00f3 como es de costumbre en la toma de [&hellip;]<\/p>\n","protected":false},"author":4,"featured_media":0,"comment_status":"open","ping_status":"open","sticky":false,"template":"","format":"standard","meta":{"_et_pb_use_builder":"","_et_pb_old_content":"","_et_gb_content_width":""},"categories":[4],"tags":[],"aioseo_notices":[],"_links":{"self":[{"href":"https:\/\/www.obispado-mdp.org.ar\/a\/wp-json\/wp\/v2\/posts\/46600"}],"collection":[{"href":"https:\/\/www.obispado-mdp.org.ar\/a\/wp-json\/wp\/v2\/posts"}],"about":[{"href":"https:\/\/www.obispado-mdp.org.ar\/a\/wp-json\/wp\/v2\/types\/post"}],"author":[{"embeddable":true,"href":"https:\/\/www.obispado-mdp.org.ar\/a\/wp-json\/wp\/v2\/users\/4"}],"replies":[{"embeddable":true,"href":"https:\/\/www.obispado-mdp.org.ar\/a\/wp-json\/wp\/v2\/comments?post=46600"}],"version-history":[{"count":1,"href":"https:\/\/www.obispado-mdp.org.ar\/a\/wp-json\/wp\/v2\/posts\/46600\/revisions"}],"predecessor-version":[{"id":46604,"href":"https:\/\/www.obispado-mdp.org.ar\/a\/wp-json\/wp\/v2\/posts\/46600\/revisions\/46604"}],"wp:attachment":[{"href":"https:\/\/www.obispado-mdp.org.ar\/a\/wp-json\/wp\/v2\/media?parent=46600"}],"wp:term":[{"taxonomy":"category","embeddable":true,"href":"https:\/\/www.obispado-mdp.org.ar\/a\/wp-json\/wp\/v2\/categories?post=46600"},{"taxonomy":"post_tag","embeddable":true,"href":"https:\/\/www.obispado-mdp.org.ar\/a\/wp-json\/wp\/v2\/tags?post=46600"}],"curies":[{"name":"wp","href":"https:\/\/api.w.org\/{rel}","templated":true}]}}