{"id":46610,"date":"2025-06-18T21:59:26","date_gmt":"2025-06-19T00:59:26","guid":{"rendered":"https:\/\/www.obispado-mdp.org.ar\/a\/?p=46610"},"modified":"2025-06-18T21:59:28","modified_gmt":"2025-06-19T00:59:28","slug":"bendicion-de-la-obra-finalizada-del-hogar-de-cristo","status":"publish","type":"post","link":"https:\/\/www.obispado-mdp.org.ar\/a\/bendicion-de-la-obra-finalizada-del-hogar-de-cristo\/","title":{"rendered":"Bendici\u00f3n de la obra finalizada del Hogar de Cristo"},"content":{"rendered":"\n<p>El pasado lunes 16 de junio tuvo lugar una emotiva ceremonia, una jornada de fiesta para el Hogar de Cristo Comunidades del Sur &#8211; Don Orione.<\/p>\n\n\n\n<p>Con la presencia del Obispo de la Di\u00f3cesis de Mar del Plata, Mons. Ernesto Giobando s.j., del P\u00e1rroco de San P\u00edo de Pietrelcina, Presb\u00edtero Juan Pablo Arrachea y el sacerdote de la Obra Don Orione Mario Fregenal, se realiz\u00f3 la bendici\u00f3n de la obra terminada del Hogar.\u00a0 Acompa\u00f1aron los \u00a0trabajadores y trabajadoras que lo construyeron, amigos de las Cebs y de los Hogares de Cristo. Luego de la ceremonia religiosa se realiz\u00f3 el encuentro de camarader\u00eda.\u00a0<\/p>\n\n\n\n<figure class=\"wp-block-image size-large\"><img loading=\"lazy\" width=\"1024\" height=\"768\" src=\"https:\/\/www.obispado-mdp.org.ar\/a\/wp-content\/uploads\/2025\/06\/Portadas-web-7-1024x768.png\" alt=\"\" class=\"wp-image-46616\"\/><\/figure>\n\n\n\n<figure class=\"wp-block-image size-large\"><img loading=\"lazy\" width=\"1024\" height=\"768\" src=\"https:\/\/www.obispado-mdp.org.ar\/a\/wp-content\/uploads\/2025\/06\/PHOTO-2025-06-18-09-27-18-1024x768.jpg\" alt=\"\" class=\"wp-image-46611\"\/><\/figure>\n\n\n\n<figure class=\"wp-block-image size-large is-resized\"><img loading=\"lazy\" src=\"https:\/\/www.obispado-mdp.org.ar\/a\/wp-content\/uploads\/2025\/06\/PHOTO-2025-06-18-09-27-17-1-768x1024.jpg\" alt=\"\" class=\"wp-image-46612\" width=\"815\" height=\"1087\"\/><\/figure>\n\n\n\n<figure class=\"wp-block-image size-large is-resized\"><img loading=\"lazy\" src=\"https:\/\/www.obispado-mdp.org.ar\/a\/wp-content\/uploads\/2025\/06\/PHOTO-2025-06-18-09-27-18-2-576x1024.jpg\" alt=\"\" class=\"wp-image-46613\" width=\"820\" height=\"1458\"\/><\/figure>\n\n\n\n<figure class=\"wp-block-image size-large\"><img loading=\"lazy\" width=\"1024\" height=\"768\" src=\"https:\/\/www.obispado-mdp.org.ar\/a\/wp-content\/uploads\/2025\/06\/PHOTO-2025-06-18-09-27-32-1024x768.jpg\" alt=\"\" class=\"wp-image-46614\"\/><\/figure>\n\n\n\n<figure class=\"wp-block-image size-large\"><img loading=\"lazy\" width=\"768\" height=\"1024\" src=\"https:\/\/www.obispado-mdp.org.ar\/a\/wp-content\/uploads\/2025\/06\/PHOTO-2025-06-18-09-27-18-1-768x1024.jpg\" alt=\"\" class=\"wp-image-46615\"\/><\/figure>\n","protected":false},"excerpt":{"rendered":"<p>El pasado lunes 16 de junio tuvo lugar una emotiva ceremonia, una jornada de fiesta para el Hogar de Cristo Comunidades del Sur &#8211; Don Orione. Con la presencia del Obispo de la Di\u00f3cesis de Mar del Plata, Mons. Ernesto Giobando s.j., del P\u00e1rroco de San P\u00edo de Pietrelcina, Presb\u00edtero Juan Pablo Arrachea y el [&hellip;]<\/p>\n","protected":false},"author":4,"featured_media":0,"comment_status":"open","ping_status":"open","sticky":false,"template":"","format":"standard","meta":{"_et_pb_use_builder":"","_et_pb_old_content":"","_et_gb_content_width":""},"categories":[4],"tags":[],"aioseo_notices":[],"_links":{"self":[{"href":"https:\/\/www.obispado-mdp.org.ar\/a\/wp-json\/wp\/v2\/posts\/46610"}],"collection":[{"href":"https:\/\/www.obispado-mdp.org.ar\/a\/wp-json\/wp\/v2\/posts"}],"about":[{"href":"https:\/\/www.obispado-mdp.org.ar\/a\/wp-json\/wp\/v2\/types\/post"}],"author":[{"embeddable":true,"href":"https:\/\/www.obispado-mdp.org.ar\/a\/wp-json\/wp\/v2\/users\/4"}],"replies":[{"embeddable":true,"href":"https:\/\/www.obispado-mdp.org.ar\/a\/wp-json\/wp\/v2\/comments?post=46610"}],"version-history":[{"count":1,"href":"https:\/\/www.obispado-mdp.org.ar\/a\/wp-json\/wp\/v2\/posts\/46610\/revisions"}],"predecessor-version":[{"id":46617,"href":"https:\/\/www.obispado-mdp.org.ar\/a\/wp-json\/wp\/v2\/posts\/46610\/revisions\/46617"}],"wp:attachment":[{"href":"https:\/\/www.obispado-mdp.org.ar\/a\/wp-json\/wp\/v2\/media?parent=46610"}],"wp:term":[{"taxonomy":"category","embeddable":true,"href":"https:\/\/www.obispado-mdp.org.ar\/a\/wp-json\/wp\/v2\/categories?post=46610"},{"taxonomy":"post_tag","embeddable":true,"href":"https:\/\/www.obispado-mdp.org.ar\/a\/wp-json\/wp\/v2\/tags?post=46610"}],"curies":[{"name":"wp","href":"https:\/\/api.w.org\/{rel}","templated":true}]}}