{"id":46619,"date":"2025-06-21T20:49:12","date_gmt":"2025-06-21T23:49:12","guid":{"rendered":"https:\/\/www.obispado-mdp.org.ar\/a\/?p=46619"},"modified":"2025-06-21T21:29:44","modified_gmt":"2025-06-22T00:29:44","slug":"solemnidad-de-corpus-christi-en-la-diocesis-de-mar-del-plata","status":"publish","type":"post","link":"https:\/\/www.obispado-mdp.org.ar\/a\/solemnidad-de-corpus-christi-en-la-diocesis-de-mar-del-plata\/","title":{"rendered":"Solemnidad de Corpus Christi en la di\u00f3cesis de Mar del Plata"},"content":{"rendered":"\n<p>Este s\u00e1bado, la Di\u00f3cesis de Mar del Plata celebr\u00f3 con alegr\u00eda y devoci\u00f3n la Solemnidad del Cuerpo y la Sangre de Jes\u00fas.<br>La misa central se realiz\u00f3 en la Iglesia Catedral a las 15 hs, presidida por nuestro obispo, Monse\u00f1or Ernesto Giobando s.j.  y concelebrada por los sacerdotes de nuestra ciudad.<br>Luego tuvo lugar la tradicional procesi\u00f3n con el Sant\u00edsimo Sacramento por las calles del centro, culminando con una emotiva bendici\u00f3n en las escalinatas de la Catedral.<br>Participaron fieles de toda la di\u00f3cesis: parroquias, capillas e instituciones educativas religiosas, en una verdadera manifestaci\u00f3n de fe y unidad bajo el lema: \u201cT\u00fa eres el Cristo, el Hijo de Dios vivo\u201d.<\/p>\n\n\n\n<p> Homil\u00eda completa:   <a href=\"https:\/\/drive.google.com\/file\/d\/1jwdTy-Zdzrf1BU0BbkXdaLnflU43DY8Z\/view?usp=drive_link\">https:\/\/drive.google.com\/file\/d\/1jwdTy-Zdzrf1BU0BbkXdaLnflU43DY8Z\/view?usp=drive_link<\/a><\/p>\n\n\n\n<p><\/p>\n\n\n\n<figure class=\"wp-block-image size-large\"><img loading=\"lazy\" width=\"1024\" height=\"768\" src=\"https:\/\/www.obispado-mdp.org.ar\/a\/wp-content\/uploads\/2025\/06\/Portadas-web-7-1-1024x768.png\" alt=\"\" class=\"wp-image-46626\"\/><\/figure>\n\n\n\n<figure class=\"wp-block-image size-large\"><img loading=\"lazy\" width=\"1024\" height=\"768\" src=\"https:\/\/www.obispado-mdp.org.ar\/a\/wp-content\/uploads\/2025\/06\/IMG_3373-1024x768.jpg\" alt=\"\" class=\"wp-image-46621\"\/><\/figure>\n\n\n\n<figure class=\"wp-block-image size-large\"><img loading=\"lazy\" width=\"1024\" height=\"768\" src=\"https:\/\/www.obispado-mdp.org.ar\/a\/wp-content\/uploads\/2025\/06\/IMG_3346-1024x768.jpg\" alt=\"\" class=\"wp-image-46623\"\/><\/figure>\n\n\n\n<figure class=\"wp-block-image size-large is-resized\"><img loading=\"lazy\" src=\"https:\/\/www.obispado-mdp.org.ar\/a\/wp-content\/uploads\/2025\/06\/IMG_3367-768x1024.jpg\" alt=\"\" class=\"wp-image-46624\" width=\"822\" height=\"1096\"\/><\/figure>\n\n\n\n<figure class=\"wp-block-image size-large is-resized\"><img loading=\"lazy\" src=\"https:\/\/www.obispado-mdp.org.ar\/a\/wp-content\/uploads\/2025\/06\/IMG_3383-576x1024.jpg\" alt=\"\" class=\"wp-image-46627\" width=\"819\" height=\"1456\"\/><\/figure>\n\n\n\n<figure class=\"wp-block-image size-large is-resized\"><img loading=\"lazy\" src=\"https:\/\/www.obispado-mdp.org.ar\/a\/wp-content\/uploads\/2025\/06\/IMG_3405-768x1024.jpg\" alt=\"\" class=\"wp-image-46622\" width=\"821\" height=\"1095\"\/><\/figure>\n\n\n\n<figure class=\"wp-block-image size-large is-resized\"><img loading=\"lazy\" src=\"https:\/\/www.obispado-mdp.org.ar\/a\/wp-content\/uploads\/2025\/06\/IMG_3409-768x1024.jpg\" alt=\"\" class=\"wp-image-46625\" width=\"818\" height=\"1091\"\/><\/figure>\n\n\n\n<figure class=\"wp-block-image size-large is-resized\"><img loading=\"lazy\" src=\"https:\/\/www.obispado-mdp.org.ar\/a\/wp-content\/uploads\/2025\/06\/IMG_3417-768x1024.jpg\" alt=\"\" class=\"wp-image-46620\" width=\"821\" height=\"1095\"\/><\/figure>\n\n\n\n<figure class=\"wp-block-image size-large is-resized\"><img loading=\"lazy\" src=\"https:\/\/www.obispado-mdp.org.ar\/a\/wp-content\/uploads\/2025\/06\/IMG_3433-768x1024.jpg\" alt=\"\" class=\"wp-image-46628\" width=\"818\" height=\"1091\"\/><\/figure>\n","protected":false},"excerpt":{"rendered":"<p>Este s\u00e1bado, la Di\u00f3cesis de Mar del Plata celebr\u00f3 con alegr\u00eda y devoci\u00f3n la Solemnidad del Cuerpo y la Sangre de Jes\u00fas.La misa central se realiz\u00f3 en la Iglesia Catedral a las 15 hs, presidida por nuestro obispo, Monse\u00f1or Ernesto Giobando s.j. y concelebrada por los sacerdotes de nuestra ciudad.Luego tuvo lugar la tradicional procesi\u00f3n [&hellip;]<\/p>\n","protected":false},"author":4,"featured_media":0,"comment_status":"open","ping_status":"open","sticky":false,"template":"","format":"standard","meta":{"_et_pb_use_builder":"","_et_pb_old_content":"","_et_gb_content_width":""},"categories":[4],"tags":[],"aioseo_notices":[],"_links":{"self":[{"href":"https:\/\/www.obispado-mdp.org.ar\/a\/wp-json\/wp\/v2\/posts\/46619"}],"collection":[{"href":"https:\/\/www.obispado-mdp.org.ar\/a\/wp-json\/wp\/v2\/posts"}],"about":[{"href":"https:\/\/www.obispado-mdp.org.ar\/a\/wp-json\/wp\/v2\/types\/post"}],"author":[{"embeddable":true,"href":"https:\/\/www.obispado-mdp.org.ar\/a\/wp-json\/wp\/v2\/users\/4"}],"replies":[{"embeddable":true,"href":"https:\/\/www.obispado-mdp.org.ar\/a\/wp-json\/wp\/v2\/comments?post=46619"}],"version-history":[{"count":3,"href":"https:\/\/www.obispado-mdp.org.ar\/a\/wp-json\/wp\/v2\/posts\/46619\/revisions"}],"predecessor-version":[{"id":46633,"href":"https:\/\/www.obispado-mdp.org.ar\/a\/wp-json\/wp\/v2\/posts\/46619\/revisions\/46633"}],"wp:attachment":[{"href":"https:\/\/www.obispado-mdp.org.ar\/a\/wp-json\/wp\/v2\/media?parent=46619"}],"wp:term":[{"taxonomy":"category","embeddable":true,"href":"https:\/\/www.obispado-mdp.org.ar\/a\/wp-json\/wp\/v2\/categories?post=46619"},{"taxonomy":"post_tag","embeddable":true,"href":"https:\/\/www.obispado-mdp.org.ar\/a\/wp-json\/wp\/v2\/tags?post=46619"}],"curies":[{"name":"wp","href":"https:\/\/api.w.org\/{rel}","templated":true}]}}