{"id":46634,"date":"2025-06-24T11:17:55","date_gmt":"2025-06-24T14:17:55","guid":{"rendered":"https:\/\/www.obispado-mdp.org.ar\/a\/?p=46634"},"modified":"2025-06-24T19:50:37","modified_gmt":"2025-06-24T22:50:37","slug":"gran-participacion-en-el-encuentro-de-monaguillos-de-corpus-cristi","status":"publish","type":"post","link":"https:\/\/www.obispado-mdp.org.ar\/a\/gran-participacion-en-el-encuentro-de-monaguillos-de-corpus-cristi\/","title":{"rendered":"Gran participaci\u00f3n en el Encuentro de Monaguillos de Corpus Christi"},"content":{"rendered":"\n<p>Bajo el lema \u201cYo soy el Pan de vida\u201d, el pasado s\u00e1bado 21 los monaguillos de distintas comunidades se reunieron en torno a la fiesta del Sant\u00edsimo Cuerpo y la Sangre de Cristo.<\/p>\n\n\n\n<p>Los mayores, acompa\u00f1ados por Gast\u00f3n Aguirrezabala y por fray Cristi\u00e1n, de la Orden de Predicadores, tuvieron charlas sobre la oraci\u00f3n y la reconciliaci\u00f3n junto a un espacio de adoraci\u00f3n y confesiones.<\/p>\n\n\n\n<p>Los m\u00e1s peque\u00f1os, por otra parte, estuvieron acompa\u00f1ados por Abril, Agostina y Julieta, quienes de una manera l\u00fadica y recreativa hablaron sobre la oraci\u00f3n y la reconciliaci\u00f3n y c\u00f3mo esto nos conduce hacia la Eucarist\u00eda, mientras que el presb\u00edtero H\u00e9ctor Bachmeier les ofreci\u00f3 seguidamente una charla sobre la reconciliaci\u00f3n.<\/p>\n\n\n\n<p>Para finalizar el encuentro, los Monaguillos recibieron de monse\u00f1or Ernesto Giobando sj. la bendici\u00f3n de sus albas, vestimenta propia de su servicio lit\u00fargico, y se dispusieron as\u00ed a participar de la Misa en la Iglesia Catedral y la posterior procesi\u00f3n por las calles del centro junto a Jes\u00fas Sacramentado.<\/p>\n\n\n\n<figure class=\"wp-block-image size-large\"><img loading=\"lazy\" width=\"1024\" height=\"768\" src=\"https:\/\/www.obispado-mdp.org.ar\/a\/wp-content\/uploads\/2025\/06\/Portadas-web-7-2-1024x768.png\" alt=\"\" class=\"wp-image-46636\"\/><\/figure>\n\n\n\n<figure class=\"wp-block-image size-large\"><img loading=\"lazy\" width=\"819\" height=\"1024\" src=\"https:\/\/www.obispado-mdp.org.ar\/a\/wp-content\/uploads\/2025\/06\/PHOTO-2025-06-23-18-58-54_2-819x1024.jpg\" alt=\"\" class=\"wp-image-46635\"\/><\/figure>\n\n\n\n<figure class=\"wp-block-image size-large\"><img loading=\"lazy\" width=\"1024\" height=\"768\" src=\"https:\/\/www.obispado-mdp.org.ar\/a\/wp-content\/uploads\/2025\/06\/PHOTO-2025-06-23-18-59-03-1024x768.jpg\" alt=\"\" class=\"wp-image-46637\"\/><\/figure>\n\n\n\n<figure class=\"wp-block-image size-large is-resized\"><img loading=\"lazy\" src=\"https:\/\/www.obispado-mdp.org.ar\/a\/wp-content\/uploads\/2025\/06\/PHOTO-2025-06-23-18-59-03_1-768x1024.jpg\" alt=\"\" class=\"wp-image-46638\" width=\"822\" height=\"1096\"\/><\/figure>\n\n\n\n<figure class=\"wp-block-image size-large\"><img loading=\"lazy\" width=\"819\" height=\"1024\" src=\"https:\/\/www.obispado-mdp.org.ar\/a\/wp-content\/uploads\/2025\/06\/PHOTO-2025-06-23-18-58-53-819x1024.jpg\" alt=\"\" class=\"wp-image-46639\"\/><\/figure>\n\n\n\n<figure class=\"wp-block-image size-large\"><img loading=\"lazy\" width=\"819\" height=\"1024\" src=\"https:\/\/www.obispado-mdp.org.ar\/a\/wp-content\/uploads\/2025\/06\/PHOTO-2025-06-23-18-58-54_1-819x1024.jpg\" alt=\"\" class=\"wp-image-46640\"\/><\/figure>\n","protected":false},"excerpt":{"rendered":"<p>Bajo el lema \u201cYo soy el Pan de vida\u201d, el pasado s\u00e1bado 21 los monaguillos de distintas comunidades se reunieron en torno a la fiesta del Sant\u00edsimo Cuerpo y la Sangre de Cristo. Los mayores, acompa\u00f1ados por Gast\u00f3n Aguirrezabala y por fray Cristi\u00e1n, de la Orden de Predicadores, tuvieron charlas sobre la oraci\u00f3n y la [&hellip;]<\/p>\n","protected":false},"author":4,"featured_media":0,"comment_status":"open","ping_status":"open","sticky":false,"template":"","format":"standard","meta":{"_et_pb_use_builder":"","_et_pb_old_content":"","_et_gb_content_width":""},"categories":[4],"tags":[],"aioseo_notices":[],"_links":{"self":[{"href":"https:\/\/www.obispado-mdp.org.ar\/a\/wp-json\/wp\/v2\/posts\/46634"}],"collection":[{"href":"https:\/\/www.obispado-mdp.org.ar\/a\/wp-json\/wp\/v2\/posts"}],"about":[{"href":"https:\/\/www.obispado-mdp.org.ar\/a\/wp-json\/wp\/v2\/types\/post"}],"author":[{"embeddable":true,"href":"https:\/\/www.obispado-mdp.org.ar\/a\/wp-json\/wp\/v2\/users\/4"}],"replies":[{"embeddable":true,"href":"https:\/\/www.obispado-mdp.org.ar\/a\/wp-json\/wp\/v2\/comments?post=46634"}],"version-history":[{"count":2,"href":"https:\/\/www.obispado-mdp.org.ar\/a\/wp-json\/wp\/v2\/posts\/46634\/revisions"}],"predecessor-version":[{"id":46654,"href":"https:\/\/www.obispado-mdp.org.ar\/a\/wp-json\/wp\/v2\/posts\/46634\/revisions\/46654"}],"wp:attachment":[{"href":"https:\/\/www.obispado-mdp.org.ar\/a\/wp-json\/wp\/v2\/media?parent=46634"}],"wp:term":[{"taxonomy":"category","embeddable":true,"href":"https:\/\/www.obispado-mdp.org.ar\/a\/wp-json\/wp\/v2\/categories?post=46634"},{"taxonomy":"post_tag","embeddable":true,"href":"https:\/\/www.obispado-mdp.org.ar\/a\/wp-json\/wp\/v2\/tags?post=46634"}],"curies":[{"name":"wp","href":"https:\/\/api.w.org\/{rel}","templated":true}]}}