{"id":46642,"date":"2025-06-24T19:25:38","date_gmt":"2025-06-24T22:25:38","guid":{"rendered":"https:\/\/www.obispado-mdp.org.ar\/a\/?p=46642"},"modified":"2025-06-24T19:49:30","modified_gmt":"2025-06-24T22:49:30","slug":"consagracion-de-la-capilla-santisimo-sacramento-y-ntra-senora-de-belen","status":"publish","type":"post","link":"https:\/\/www.obispado-mdp.org.ar\/a\/consagracion-de-la-capilla-santisimo-sacramento-y-ntra-senora-de-belen\/","title":{"rendered":"Consagraci\u00f3n de la Capilla Sant\u00edsimo Sacramento y Ntra. Se\u00f1ora de Bel\u00e9n"},"content":{"rendered":"\n<p>El pasado lunes 23, se celebr\u00f3 en la Capilla Sant\u00edsimo Sacramento y Nuestra Se\u00f1ora de Bel\u00e9n ( R. Pe\u00f1a 5855) perteneciente a la Parroquia Sagrado Coraz\u00f3n de Jes\u00fas, la consagraci\u00f3n del templo. Esta celebraci\u00f3n tuvo lugar en el marco de las patronales de Corpus Christi y en el contexto de los treinta a\u00f1os de vida de la comunidad de la capilla<\/p>\n\n\n\n<figure class=\"wp-block-image size-large\"><img loading=\"lazy\" width=\"1024\" height=\"682\" src=\"https:\/\/www.obispado-mdp.org.ar\/a\/wp-content\/uploads\/2025\/06\/PHOTO-2025-06-24-07-06-25-1024x682.jpg\" alt=\"\" class=\"wp-image-46644\"\/><\/figure>\n\n\n\n<figure class=\"wp-block-image size-large\"><img loading=\"lazy\" width=\"1024\" height=\"682\" src=\"https:\/\/www.obispado-mdp.org.ar\/a\/wp-content\/uploads\/2025\/06\/PHOTO-2025-06-24-07-06-25_1-1024x682.jpg\" alt=\"\" class=\"wp-image-46645\"\/><\/figure>\n\n\n\n<figure class=\"wp-block-image size-large\"><img loading=\"lazy\" width=\"1024\" height=\"682\" src=\"https:\/\/www.obispado-mdp.org.ar\/a\/wp-content\/uploads\/2025\/06\/PHOTO-2025-06-24-07-06-26-1024x682.jpg\" alt=\"\" class=\"wp-image-46646\"\/><\/figure>\n\n\n\n<figure class=\"wp-block-image size-large\"><img loading=\"lazy\" width=\"1024\" height=\"682\" src=\"https:\/\/www.obispado-mdp.org.ar\/a\/wp-content\/uploads\/2025\/06\/PHOTO-2025-06-24-07-06-27_1-1024x682.jpg\" alt=\"\" class=\"wp-image-46647\"\/><\/figure>\n\n\n\n<figure class=\"wp-block-image size-large\"><img loading=\"lazy\" width=\"1024\" height=\"682\" src=\"https:\/\/www.obispado-mdp.org.ar\/a\/wp-content\/uploads\/2025\/06\/PHOTO-2025-06-24-07-06-28-1024x682.jpg\" alt=\"\" class=\"wp-image-46648\"\/><\/figure>\n\n\n\n<figure class=\"wp-block-image size-large\"><img loading=\"lazy\" width=\"1024\" height=\"682\" src=\"https:\/\/www.obispado-mdp.org.ar\/a\/wp-content\/uploads\/2025\/06\/PHOTO-2025-06-24-07-06-27_2-1024x682.jpg\" alt=\"\" class=\"wp-image-46649\"\/><\/figure>\n","protected":false},"excerpt":{"rendered":"<p>El pasado lunes 23, se celebr\u00f3 en la Capilla Sant\u00edsimo Sacramento y Nuestra Se\u00f1ora de Bel\u00e9n ( R. Pe\u00f1a 5855) perteneciente a la Parroquia Sagrado Coraz\u00f3n de Jes\u00fas, la consagraci\u00f3n del templo. Esta celebraci\u00f3n tuvo lugar en el marco de las patronales de Corpus Christi y en el contexto de los treinta a\u00f1os de vida [&hellip;]<\/p>\n","protected":false},"author":4,"featured_media":0,"comment_status":"open","ping_status":"open","sticky":false,"template":"","format":"standard","meta":{"_et_pb_use_builder":"","_et_pb_old_content":"","_et_gb_content_width":""},"categories":[4],"tags":[],"aioseo_notices":[],"_links":{"self":[{"href":"https:\/\/www.obispado-mdp.org.ar\/a\/wp-json\/wp\/v2\/posts\/46642"}],"collection":[{"href":"https:\/\/www.obispado-mdp.org.ar\/a\/wp-json\/wp\/v2\/posts"}],"about":[{"href":"https:\/\/www.obispado-mdp.org.ar\/a\/wp-json\/wp\/v2\/types\/post"}],"author":[{"embeddable":true,"href":"https:\/\/www.obispado-mdp.org.ar\/a\/wp-json\/wp\/v2\/users\/4"}],"replies":[{"embeddable":true,"href":"https:\/\/www.obispado-mdp.org.ar\/a\/wp-json\/wp\/v2\/comments?post=46642"}],"version-history":[{"count":4,"href":"https:\/\/www.obispado-mdp.org.ar\/a\/wp-json\/wp\/v2\/posts\/46642\/revisions"}],"predecessor-version":[{"id":46652,"href":"https:\/\/www.obispado-mdp.org.ar\/a\/wp-json\/wp\/v2\/posts\/46642\/revisions\/46652"}],"wp:attachment":[{"href":"https:\/\/www.obispado-mdp.org.ar\/a\/wp-json\/wp\/v2\/media?parent=46642"}],"wp:term":[{"taxonomy":"category","embeddable":true,"href":"https:\/\/www.obispado-mdp.org.ar\/a\/wp-json\/wp\/v2\/categories?post=46642"},{"taxonomy":"post_tag","embeddable":true,"href":"https:\/\/www.obispado-mdp.org.ar\/a\/wp-json\/wp\/v2\/tags?post=46642"}],"curies":[{"name":"wp","href":"https:\/\/api.w.org\/{rel}","templated":true}]}}