{"id":46655,"date":"2025-06-25T18:51:24","date_gmt":"2025-06-25T21:51:24","guid":{"rendered":"https:\/\/www.obispado-mdp.org.ar\/a\/?p=46655"},"modified":"2025-06-25T18:51:25","modified_gmt":"2025-06-25T21:51:25","slug":"jubileo-de-los-obispos-en-roma","status":"publish","type":"post","link":"https:\/\/www.obispado-mdp.org.ar\/a\/jubileo-de-los-obispos-en-roma\/","title":{"rendered":"Jubileo de los Obispos en Roma"},"content":{"rendered":"\n<p>Hoy, 25 de junio, en el marco del A\u00f1o Jubilar de la Esperanza, Mons. Ernesto Giobando s.j. participa del Jubileo de los Obispos junto al Santo Padre Le\u00f3n XIV en la Bas\u00edlica de San Pedro.<\/p>\n\n\n\n<p>En su meditaci\u00f3n, el Papa nos record\u00f3 que \u201cla esperanza no defrauda\u201d y que los obispos son, ante todo, testigos de esperanza, hombres de fe, y padres cercanos a su pueblo.<\/p>\n\n\n\n<p>\u201cEl pastor est\u00e1 cerca y no ofrece recetas, sino la experiencia de comunidades que tratan de vivir el Evangelio con sencillez.\u201d Dijo el Santo Padre<\/p>\n\n\n\n<p> Rezamos por nuestro obispo y por todos los pastores de la Iglesia, para que el Esp\u00edritu Santo renueve en ellos el fuego de la fe y la caridad pastoral.<\/p>\n\n\n\n<p>     <\/p>\n\n\n\n<p><strong><em>DISCURSO DEL SANTO PADRE\u00a0A LOS OBISPOS CON OCASI\u00d3N DE SU JUBILEO<\/em><\/strong>:<\/p>\n\n\n\n<p><a href=\"https:\/\/docs.google.com\/document\/d\/1ERzGieuBtDr_i7a1iurUsBW4-qtnRANP\/edit?usp=drive_link&amp;ouid=107291774897470393922&amp;rtpof=true&amp;sd=true\">https:\/\/docs.google.com\/document\/d\/1ERzGieuBtDr_i7a1iurUsBW4-qtnRANP\/edit?usp=drive_link&amp;ouid=107291774897470393922&amp;rtpof=true&amp;sd=true<\/a><\/p>\n\n\n\n<figure class=\"wp-block-image size-large\"><img loading=\"lazy\" width=\"1024\" height=\"771\" src=\"https:\/\/www.obispado-mdp.org.ar\/a\/wp-content\/uploads\/2025\/06\/PHOTO-2025-06-25-17-13-26-1024x771.jpg\" alt=\"\" class=\"wp-image-46656\"\/><\/figure>\n\n\n\n<figure class=\"wp-block-image size-large\"><img loading=\"lazy\" width=\"1024\" height=\"576\" src=\"https:\/\/www.obispado-mdp.org.ar\/a\/wp-content\/uploads\/2025\/06\/PHOTO-2025-06-25-17-13-02-1024x576.jpg\" alt=\"\" class=\"wp-image-46657\"\/><\/figure>\n","protected":false},"excerpt":{"rendered":"<p>Hoy, 25 de junio, en el marco del A\u00f1o Jubilar de la Esperanza, Mons. Ernesto Giobando s.j. participa del Jubileo de los Obispos junto al Santo Padre Le\u00f3n XIV en la Bas\u00edlica de San Pedro. En su meditaci\u00f3n, el Papa nos record\u00f3 que \u201cla esperanza no defrauda\u201d y que los obispos son, ante todo, testigos [&hellip;]<\/p>\n","protected":false},"author":4,"featured_media":0,"comment_status":"open","ping_status":"open","sticky":false,"template":"","format":"standard","meta":{"_et_pb_use_builder":"","_et_pb_old_content":"","_et_gb_content_width":""},"categories":[4],"tags":[],"aioseo_notices":[],"_links":{"self":[{"href":"https:\/\/www.obispado-mdp.org.ar\/a\/wp-json\/wp\/v2\/posts\/46655"}],"collection":[{"href":"https:\/\/www.obispado-mdp.org.ar\/a\/wp-json\/wp\/v2\/posts"}],"about":[{"href":"https:\/\/www.obispado-mdp.org.ar\/a\/wp-json\/wp\/v2\/types\/post"}],"author":[{"embeddable":true,"href":"https:\/\/www.obispado-mdp.org.ar\/a\/wp-json\/wp\/v2\/users\/4"}],"replies":[{"embeddable":true,"href":"https:\/\/www.obispado-mdp.org.ar\/a\/wp-json\/wp\/v2\/comments?post=46655"}],"version-history":[{"count":1,"href":"https:\/\/www.obispado-mdp.org.ar\/a\/wp-json\/wp\/v2\/posts\/46655\/revisions"}],"predecessor-version":[{"id":46658,"href":"https:\/\/www.obispado-mdp.org.ar\/a\/wp-json\/wp\/v2\/posts\/46655\/revisions\/46658"}],"wp:attachment":[{"href":"https:\/\/www.obispado-mdp.org.ar\/a\/wp-json\/wp\/v2\/media?parent=46655"}],"wp:term":[{"taxonomy":"category","embeddable":true,"href":"https:\/\/www.obispado-mdp.org.ar\/a\/wp-json\/wp\/v2\/categories?post=46655"},{"taxonomy":"post_tag","embeddable":true,"href":"https:\/\/www.obispado-mdp.org.ar\/a\/wp-json\/wp\/v2\/tags?post=46655"}],"curies":[{"name":"wp","href":"https:\/\/api.w.org\/{rel}","templated":true}]}}