{"id":46722,"date":"2025-07-02T10:47:52","date_gmt":"2025-07-02T13:47:52","guid":{"rendered":"https:\/\/www.obispado-mdp.org.ar\/a\/?p=46722"},"modified":"2025-07-02T10:52:28","modified_gmt":"2025-07-02T13:52:28","slug":"territorios-en-disputa-frente-al-discurso-que-margina-la-respuesta-que-humaniza-charla-convocada-por-la-mesa-de-dialogo-y-la-universidad-nacional","status":"publish","type":"post","link":"https:\/\/www.obispado-mdp.org.ar\/a\/territorios-en-disputa-frente-al-discurso-que-margina-la-respuesta-que-humaniza-charla-convocada-por-la-mesa-de-dialogo-y-la-universidad-nacional\/","title":{"rendered":"\u201cTerritorios en Disputa &#8211; Frente al discurso que margina, la respuesta que humaniza\u201d: Charla convocada por la Mesa de Di\u00e1logo y la Universidad Nacional"},"content":{"rendered":"\n<p>La Mesa de Di\u00e1logo por la Dignidad de las Periferias -del Obispado de Mar del Plata- llev\u00f3 adelante el pasado lunes en conjunto con la Escuela de Gobierno y Administraci\u00f3n P\u00fablica de la Universidad Nacional de Mar del Plata (EGAP-UNMDP) un espacio de encuentro titulado \u201cTerritorios en Disputa &#8211; Frente al discurso que margina, la respuesta que humaniza\u201d, con el firme prop\u00f3sito de abrir un espacio de reflexi\u00f3n comunitaria sobre una problem\u00e1tica urgente y sensible: el consumo de drogas y el narcotr\u00e1fico.<\/p>\n\n\n\n<p>La misma, que tuvo lugar en la sede del Rectorado, se desarroll\u00f3 en el marco de la conmemoraci\u00f3n del D\u00eda Internacional contra el Uso Indebido de Drogas y el Tr\u00e1fico Il\u00edcito \u2013 instaurado por las Naciones Unidas en 1987 y celebrado cada 26 de junio \u2013, y se plante\u00f3 como un espacio de escucha, di\u00e1logo y construcci\u00f3n colectiva, con una mirada humanizadora e integral.<\/p>\n\n\n\n<p>El encuentro convoc\u00f3 a referentes sociales, acad\u00e9micos, estudiantes, docentes, integrantes de organizaciones de la sociedad civil, y p\u00fablico en general, quienes compartieron diagn\u00f3sticos, preocupaciones y propuestas.<\/p>\n\n\n\n<p>Uno de los ejes centrales fue la necesidad de construir respuestas colectivas y articuladas frente al avance del narcotr\u00e1fico, la creciente vulnerabilidad en los barrios y la ausencia de pol\u00edticas p\u00fablicas integrales.<\/p>\n\n\n\n<p>En esa l\u00ednea, se presentaron hallazgos y an\u00e1lisis desarrollados por grupos de investigaci\u00f3n de la UNMDP, as\u00ed como tambi\u00e9n aportes del equipo del Observatorio de la Deuda Social Argentina (ODSA-UCA), en particular del \u00e1rea \u201cCapital Humano y Bienestar\u201d.<\/p>\n\n\n\n<p>Las exposiciones estuvieron a cargo de profesionales de la Universidsd Nacional y del Observatorio de la Deuda Social de la UCA.<\/p>\n\n\n\n<p>Mar\u00eda Agustina Paterno Manavella, becaria doctoral del CONICET e investigadora del equipo \u201cCapital Humano y Bienestar\u201d del ODSA-UCA, present\u00f3 datos alarmantes sobre la percepci\u00f3n de venta y tr\u00e1fico de drogas en barrios vulnerables, que alcanza el 51% en Mar del Plata.<\/p>\n\n\n\n<p>La Dra. Karina Conde, doctora en Psicolog\u00eda e investigadora del CONICET, quien es codirectora del proyecto \u201cAvances en la evaluaci\u00f3n del consumo de sustancias psicoactivas\u201d, abord\u00f3 el consumo en poblaciones vulnerables desde una perspectiva de salud p\u00fablica.<\/p>\n\n\n\n<p>Asimismo el Dr. Juan Tapia, juez de Garant\u00edas del Departamento Judicial Mar del Plata y docente de la UNMDP, expuso sobre las limitaciones del sistema penal actual, la necesidad de contar con fiscal\u00edas descentralizadas y la urgencia de construir formas alternativas de intervenci\u00f3n, especialmente con j\u00f3venes.<\/p>\n\n\n\n<p>El cierre de las exposiciones estuvo a cargo del vicario general de la di\u00f3cesis, presb\u00edtero Hern\u00e1n David, quien reafirm\u00f3 el compromiso de la Mesa de Di\u00e1logo por la Dignidad de las Periferias de propiciar espacios de encuentro que busquen soluciones profundas para proteger a quienes m\u00e1s sufren las consecuencias del narcotr\u00e1fico: los j\u00f3venes de los barrios m\u00e1s postergados.<\/p>\n\n\n\n<p>El encuentro dej\u00f3 como saldo un diagn\u00f3stico compartido sobre la urgencia de abordar el problema desde un enfoque integral que articule salud, prevenci\u00f3n, justicia, inclusi\u00f3n y presencia territorial del Estado. Tambi\u00e9n reafirm\u00f3 la convicci\u00f3n de que una comunidad que se informa, dialoga y se involucra es una comunidad m\u00e1s fuerte, m\u00e1s justa y m\u00e1s preparada para enfrentar estos desaf\u00edos.<\/p>\n\n\n\n<p>Finalmente los participantes compartieron sus opiniones y a trav\u00e9s de diversas preguntas dialogaron con los especialistas.<\/p>\n\n\n\n<figure class=\"wp-block-image size-large\"><img loading=\"lazy\" width=\"1024\" height=\"768\" src=\"https:\/\/www.obispado-mdp.org.ar\/a\/wp-content\/uploads\/2025\/07\/Portadas-web-7-1024x768.png\" alt=\"\" class=\"wp-image-46730\"\/><\/figure>\n\n\n\n<figure class=\"wp-block-image size-large is-resized\"><img loading=\"lazy\" src=\"https:\/\/www.obispado-mdp.org.ar\/a\/wp-content\/uploads\/2025\/07\/PHOTO-2025-07-01-00-44-21_2-771x1024.jpg\" alt=\"\" class=\"wp-image-46724\" width=\"830\" height=\"1102\"\/><\/figure>\n\n\n\n<figure class=\"wp-block-image size-large is-resized\"><img loading=\"lazy\" src=\"https:\/\/www.obispado-mdp.org.ar\/a\/wp-content\/uploads\/2025\/07\/PHOTO-2025-07-01-00-44-20_2-771x1024.jpg\" alt=\"\" class=\"wp-image-46726\" width=\"820\" height=\"1089\"\/><\/figure>\n\n\n\n<figure class=\"wp-block-image size-large is-resized\"><img loading=\"lazy\" src=\"https:\/\/www.obispado-mdp.org.ar\/a\/wp-content\/uploads\/2025\/07\/PHOTO-2025-07-01-00-44-21-771x1024.jpg\" alt=\"\" class=\"wp-image-46728\" width=\"818\" height=\"1086\"\/><\/figure>\n","protected":false},"excerpt":{"rendered":"<p>La Mesa de Di\u00e1logo por la Dignidad de las Periferias -del Obispado de Mar del Plata- llev\u00f3 adelante el pasado lunes en conjunto con la Escuela de Gobierno y Administraci\u00f3n P\u00fablica de la Universidad Nacional de Mar del Plata (EGAP-UNMDP) un espacio de encuentro titulado \u201cTerritorios en Disputa &#8211; Frente al discurso que margina, la [&hellip;]<\/p>\n","protected":false},"author":4,"featured_media":0,"comment_status":"open","ping_status":"open","sticky":false,"template":"","format":"standard","meta":{"_et_pb_use_builder":"","_et_pb_old_content":"","_et_gb_content_width":""},"categories":[4],"tags":[],"aioseo_notices":[],"_links":{"self":[{"href":"https:\/\/www.obispado-mdp.org.ar\/a\/wp-json\/wp\/v2\/posts\/46722"}],"collection":[{"href":"https:\/\/www.obispado-mdp.org.ar\/a\/wp-json\/wp\/v2\/posts"}],"about":[{"href":"https:\/\/www.obispado-mdp.org.ar\/a\/wp-json\/wp\/v2\/types\/post"}],"author":[{"embeddable":true,"href":"https:\/\/www.obispado-mdp.org.ar\/a\/wp-json\/wp\/v2\/users\/4"}],"replies":[{"embeddable":true,"href":"https:\/\/www.obispado-mdp.org.ar\/a\/wp-json\/wp\/v2\/comments?post=46722"}],"version-history":[{"count":2,"href":"https:\/\/www.obispado-mdp.org.ar\/a\/wp-json\/wp\/v2\/posts\/46722\/revisions"}],"predecessor-version":[{"id":46731,"href":"https:\/\/www.obispado-mdp.org.ar\/a\/wp-json\/wp\/v2\/posts\/46722\/revisions\/46731"}],"wp:attachment":[{"href":"https:\/\/www.obispado-mdp.org.ar\/a\/wp-json\/wp\/v2\/media?parent=46722"}],"wp:term":[{"taxonomy":"category","embeddable":true,"href":"https:\/\/www.obispado-mdp.org.ar\/a\/wp-json\/wp\/v2\/categories?post=46722"},{"taxonomy":"post_tag","embeddable":true,"href":"https:\/\/www.obispado-mdp.org.ar\/a\/wp-json\/wp\/v2\/tags?post=46722"}],"curies":[{"name":"wp","href":"https:\/\/api.w.org\/{rel}","templated":true}]}}