{"id":46732,"date":"2025-07-02T11:01:40","date_gmt":"2025-07-02T14:01:40","guid":{"rendered":"https:\/\/www.obispado-mdp.org.ar\/a\/?p=46732"},"modified":"2025-07-02T11:05:59","modified_gmt":"2025-07-02T14:05:59","slug":"comunicado-mesa-de-dialogo-por-la-dignidad-de-las-periferias%ef%bf%bc","status":"publish","type":"post","link":"https:\/\/www.obispado-mdp.org.ar\/a\/comunicado-mesa-de-dialogo-por-la-dignidad-de-las-periferias%ef%bf%bc\/","title":{"rendered":"COMUNICADO| MESA DE DI\u00c1LOGO POR LA DIGNIDAD DE LAS PERIFERIAS"},"content":{"rendered":"\n<p>Desde el Secretariado de Pastoral Social de la Di\u00f3cesis de Mar del Plata y la Mesa de Di\u00e1logo por la Dignidad de las Periferias expresamos nuestro profundo dolor e indignaci\u00f3n por la muerte de un hombre en situaci\u00f3n de calle, en el contexto de fr\u00edo extremo, abandono y violencia estructural.<\/p>\n\n\n\n<p>Una vez m\u00e1s, la desidia y la indiferencia se cobran una vida que podr\u00eda haberse cuidado. Vivir en la calle no es una elecci\u00f3n, es el resultado de m\u00faltiples exclusiones: falta de trabajo, salud mental desatendida, v\u00ednculos rotos y ausencia de pol\u00edticas p\u00fablicas integrales.<\/p>\n\n\n\n<p>El Estado debe asumir su responsabilidad indelegable. Exigimos el cese inmediato de todo tipo de violencia hacia las personas en situaci\u00f3n de calle, ya sea institucional, social o simb\u00f3lica. Ninguna persona merece ser descartada.<\/p>\n\n\n\n<p>Reclamamos con urgencia un sistema de atenci\u00f3n que contemple:<br>*Respuestas r\u00e1pidas y coordinadas ante las olas de fr\u00edo.<br>*Dispositivos dignos y permanentes para personas sin techo.<\/p>\n\n\n\n<p>*Pol\u00edticas de salud mental comunitaria que abracen sin criminalizar.<br>*Presencia activa en los territorios donde la vida est\u00e1 en juego.<\/p>\n\n\n\n<p><br>Cuidar a los m\u00e1s vulnerables no es caridad: es justicia.<\/p>\n\n\n\n<p><br><strong>Secretariado de la Pastoral Social.<br>Mesa de Dialogo por la Dignidad de las Periferias.<\/strong><\/p>\n\n\n\n<p><strong>Pbro Hern\u00e1n David<br>Vicario General<\/strong><\/p>\n\n\n\n<figure class=\"wp-block-image size-large\"><img loading=\"lazy\" width=\"1024\" height=\"768\" src=\"https:\/\/www.obispado-mdp.org.ar\/a\/wp-content\/uploads\/2025\/07\/Portadas-web-8-1024x768.png\" alt=\"\" class=\"wp-image-46733\"\/><\/figure>\n","protected":false},"excerpt":{"rendered":"<p>Desde el Secretariado de Pastoral Social de la Di\u00f3cesis de Mar del Plata y la Mesa de Di\u00e1logo por la Dignidad de las Periferias expresamos nuestro profundo dolor e indignaci\u00f3n por la muerte de un hombre en situaci\u00f3n de calle, en el contexto de fr\u00edo extremo, abandono y violencia estructural. Una vez m\u00e1s, la desidia [&hellip;]<\/p>\n","protected":false},"author":4,"featured_media":0,"comment_status":"open","ping_status":"open","sticky":false,"template":"","format":"standard","meta":{"_et_pb_use_builder":"","_et_pb_old_content":"","_et_gb_content_width":""},"categories":[4],"tags":[],"aioseo_notices":[],"_links":{"self":[{"href":"https:\/\/www.obispado-mdp.org.ar\/a\/wp-json\/wp\/v2\/posts\/46732"}],"collection":[{"href":"https:\/\/www.obispado-mdp.org.ar\/a\/wp-json\/wp\/v2\/posts"}],"about":[{"href":"https:\/\/www.obispado-mdp.org.ar\/a\/wp-json\/wp\/v2\/types\/post"}],"author":[{"embeddable":true,"href":"https:\/\/www.obispado-mdp.org.ar\/a\/wp-json\/wp\/v2\/users\/4"}],"replies":[{"embeddable":true,"href":"https:\/\/www.obispado-mdp.org.ar\/a\/wp-json\/wp\/v2\/comments?post=46732"}],"version-history":[{"count":3,"href":"https:\/\/www.obispado-mdp.org.ar\/a\/wp-json\/wp\/v2\/posts\/46732\/revisions"}],"predecessor-version":[{"id":46737,"href":"https:\/\/www.obispado-mdp.org.ar\/a\/wp-json\/wp\/v2\/posts\/46732\/revisions\/46737"}],"wp:attachment":[{"href":"https:\/\/www.obispado-mdp.org.ar\/a\/wp-json\/wp\/v2\/media?parent=46732"}],"wp:term":[{"taxonomy":"category","embeddable":true,"href":"https:\/\/www.obispado-mdp.org.ar\/a\/wp-json\/wp\/v2\/categories?post=46732"},{"taxonomy":"post_tag","embeddable":true,"href":"https:\/\/www.obispado-mdp.org.ar\/a\/wp-json\/wp\/v2\/tags?post=46732"}],"curies":[{"name":"wp","href":"https:\/\/api.w.org\/{rel}","templated":true}]}}