{"id":46738,"date":"2025-07-02T19:52:29","date_gmt":"2025-07-02T22:52:29","guid":{"rendered":"https:\/\/www.obispado-mdp.org.ar\/a\/?p=46738"},"modified":"2025-07-02T20:07:03","modified_gmt":"2025-07-02T23:07:03","slug":"misionera-de-la-diocesis-en-el-amazonas-nos-comparte-su-testimonio","status":"publish","type":"post","link":"https:\/\/www.obispado-mdp.org.ar\/a\/misionera-de-la-diocesis-en-el-amazonas-nos-comparte-su-testimonio\/","title":{"rendered":"Misionera de la di\u00f3cesis en el Amazonas nos comparte su testimonio"},"content":{"rendered":"\n<p>Queridos amigos, hermanos y hermanas de las Di\u00f3cesis de Mar del Plata y Chascom\u00fas<\/p>\n\n\n\n<p>Con alegr\u00eda nos dirigimos a ustedes, como cada mes, para compartirles algo de lo que vamos transitando en este hermoso lugar de la Amazon\u00eda Peruana, Caballo Cocha.<\/p>\n\n\n\n<p>En esta oportunidad les contaremos brevemente el ambiente espiritual que enmarc\u00f3 el mes de junio, algo de nuestra rutina cotidiana y dos actividades especiales que acompa\u00f1amos y nos dieron satisfacci\u00f3n y esperanza.<\/p>\n\n\n\n<p><strong>Mes de Junio, Pentecost\u00e9s y San Juan<\/strong><\/p>\n\n\n\n<p>&nbsp;El mes de junio estuvo inspirado por estas dos fiestas eclesiales.<\/p>\n\n\n\n<p>&nbsp;<strong><em>Celebramos Pentecost\u00e9s<\/em><\/strong> con una bonita y sencilla Vigilia, la noche anterior, en la Parroquia, que nos toc\u00f3 animar. Era una actividad \u201cnueva\u201d para los adultos (los j\u00f3venes s\u00ed tienen tradici\u00f3n de hacerla). Fue bonito invocar al Esp\u00edritu con un grupo de unos quince agentes de Pastoral Locales y los misioneros, compartiendo la vida a la luz de la Palabra.<\/p>\n\n\n\n<p>&nbsp;<strong><em>San Juan Bautista es el Patrono de la Amazon\u00eda Peruana<\/em><\/strong>. Su fiesta es muy significativa a nivel social. Aqu\u00ed en Caballococha, quiz\u00e1 por sus caracter\u00edsticas de \u201cciudad\u201d (aunque peque\u00f1a) las tradiciones no son tan fuertes como en otras comunidades del r\u00edo. Desde nuestra presencia intentamos acompa\u00f1ar las celebraciones culturales, ofreciendo alg\u00fan momento de oraci\u00f3n, alguna referencia al Mensaje de Jes\u00fas, y especialmente compartiendo con la gente el \u201csue\u00f1o ecol\u00f3gico\u201d del Papa Francisco: <em>cuidar el r\u00edo y &nbsp;&nbsp;la selva, que nos da tanta vida, es nuestra respuesta de amor al Amor Creador de Dios.<\/em> &nbsp;<\/p>\n\n\n\n<p>Los primeros misioneros, en el siglo XVI, propusieron que San Juan Bautista fuera el Patrono de la Selva. Lo hicieron con una intuici\u00f3n muy sabia: Juan bautiz\u00f3 a Jes\u00fas en el R\u00edo. De alg\u00fan modo, \u201cel r\u00edo\u201d fue clave para que Jes\u00fas confirmara su Identidad de Hijo de Dios y se lanzara a la Misi\u00f3n.<\/p>\n\n\n\n<p>El R\u00edo es, justamente, quien da identidad a este Pueblo. Por eso esta propuesta de los misioneros s\u00ed lleg\u00f3 al coraz\u00f3n de nativos ind\u00edgenas y pobladores migrantes. A tal punto que, en muchas comunidades, el 24 de junio se levantan muy temprano y hacen un \u201cba\u00f1o de renovaci\u00f3n y purificaci\u00f3n\u201d en el r\u00edo. Tambi\u00e9n en torno al 24 se prepara la chicha de ma\u00edz (una bebida muy propia de aqu\u00ed) y los tradicionales \u201cJuanes\u201d, que son un preparado de arroz con pollo y otros condimentos, envueltos en unas hojas en forma redonda; representan la cabeza del Bautista\u2026.<\/p>\n\n\n\n<p><strong>Algo de nuestra rutina semanal<\/strong><\/p>\n\n\n\n<p>Algunos nos han preguntado por \u201cd\u00eda a d\u00eda\u201d de la Misi\u00f3n. Si bien no hay un d\u00eda igual al otro, podemos contarles que nos levantamos bastante temprano, como a las 5 \u00f3 6 de la ma\u00f1ana. Realizamos juntos un espacio de Oraci\u00f3n Contemplativa o Centrante y luego compartimos las Lecturas del d\u00eda.&nbsp; Antes o despu\u00e9s hacemos una caminata.<\/p>\n\n\n\n<p>La ma\u00f1ana y la tarde se organizan desde las actividades propias de la misi\u00f3n: talleres en las escuelas, recibir personas que poco a poco van acerc\u00e1ndose para ser acompa\u00f1adas, preparar con cuidado las actividades, el encuentro semanal de Vero en el Internado con las adolescentes, y el c\u00edrculo de Mujeres. Tambi\u00e9n algunas cuestiones pr\u00e1cticas de la coordinaci\u00f3n del Centro Papa Francisco, como recibir grupos y atender su mantenimiento.<\/p>\n\n\n\n<p>Como compart\u00edamos en nuestro relato anterior, estos tiempos iniciales no son de gran actividad, sino de ir conociendo y haciendo contactos, tejiendo redes. En verdad hay algo de \u201cvida oculta\u201d que aprender de todo esto, y para nuestros temperamentos, m\u00e1s bien activistas, es todo un desaf\u00edo. Sentimos que eso va dando tambi\u00e9n cierta calidad espiritual a nuestra vida y nuestras relaciones.<\/p>\n\n\n\n<p>Cada noche, a las 7, nos juntamos con el Equipo Misionero y otros parroquianos en la Eucarist\u00eda. Antes o despu\u00e9s vamos un rato a disfrutar de la vista del atardecer en el r\u00edo. Luego cenamos, vemos un poco de tele y vamos temprano a descansar.<\/p>\n\n\n\n<p>La tarde de cada martes est\u00e1 \u00edntegramente dedicada al Equipo Misionero: comemos juntos, y luego nos reunimos para orar, planificar y compartir las diferentes tareas en las que estamos implicados.<\/p>\n\n\n\n<p><strong>Talleres de sexualidad en las escuelas<\/strong><\/p>\n\n\n\n<p>Aqu\u00ed en Per\u00fa hay Formaci\u00f3n Religiosa, como espacio curricular, en todas las escuelas del Estado. Y si bien la pluralidad de religiones es evidente, el espacio es reconocido y valorado. Es sobre todo a trav\u00e9s de los profesores de esa materia que nos han ido convocando a diferentes escuelas, para ofrecer a los adolescentes talleres de crecimiento personal y prevenci\u00f3n.<\/p>\n\n\n\n<p>&nbsp;En una de las escuelas nos pidieron que abordemos la tem\u00e1tica de la sexualidad humana, movidos por la preocupaci\u00f3n de algunas situaciones que aqu\u00ed se detectan con cierta frecuencia. Particularmente el embarazo precoz y el abuso sexual de ni\u00f1as y preadolescentes.<\/p>\n\n\n\n<p>&nbsp;Si bien es una tem\u00e1tica a la que nos vamos aproximando con delicadeza y respeto, intentando tambi\u00e9n explorar algunos elementos propios del lugar, sentimos que ten\u00edamos algo para aportar. Propusimos un proceso en el cual ir nosotros a cada clase&nbsp; &nbsp;y \u201clevantar\u201d en forma an\u00f3nima preguntas y relatos de las y los adolescentes. Luego de leerlos con cuidado (algunos nos conmovieron), preparamos una Jornada de una tarde completa, en el Centro Papa Francisco, para cada curso a partir del tercer a\u00f1o. Hemos comenzado este mes.<\/p>\n\n\n\n<p>Quedamos contentos por la respuesta de los chicos a estos primeros ensayos, con la sensaci\u00f3n de haber hecho un aporte a sus vidas, ayud\u00e1ndoles a valorar la sexualidad como \u201cBuena Noticia\u201d, regalo de Dios, a la vez que ofreciendo informaci\u00f3n seria frente a algunas de sus inquietudes, tanto en aspectos biol\u00f3gicos como, sobre todo, emocionales, vinculares y de sentido vital.<\/p>\n\n\n\n<p>Estas experiencias puntuales, peque\u00f1as, pero preparadas con cari\u00f1o y dedicaci\u00f3n, nos permiten aproximarnos mejor a los chicos, empatizar con sus vidas, sus relatos y sus silencios\u2026 A partir de estos encuentros vamos reflexionando y orando nuestra misi\u00f3n, y sobre todo el perfil que deseamos ir dando en el tiempo al Centro Papa Francisco, como un espacio de cuidado y promoci\u00f3n de la vida de ni\u00f1as, ni\u00f1os, adolescentes, j\u00f3venes y adultos.<\/p>\n\n\n\n<p><strong>Encuentro de las Comunidades<\/strong><\/p>\n\n\n\n<p>El \u00faltimo fin de semana tuvo lugar el Encuentro de Animadores de Pastoral, Mujeres y J\u00f3venes, delegados de unas diez Comunidades ribere\u00f1as de nuestra Parroquia. La novedad de este a\u00f1o fue, precisamente, la convocatoria a mujeres y a j\u00f3venes, que responde al objetivo de una mayor apertura eclesial y sinodalidad.<\/p>\n\n\n\n<p> Fue un hermoso espacio de encuentro y celebraci\u00f3n. Emociona la vida y el testimonio de estas personas, que navegaron horas desde sus Comunidades para llegar al Centro Papa Francisco. Compartieron su tarea, los dolores y alegr\u00edas de su pueblo. Profundizamos juntos en nuestra identidad de \u201cdisc\u00edpulos misioneros\u201d (inspirados justamente en el Bautismo de Jes\u00fas, a quien el R\u00edo, el Pueblo y la Palabra de Dios confirmaron en su Misi\u00f3n), y hubo tambi\u00e9n bonitos espacios de encuentro con los j\u00f3venes y el c\u00edrculo de mujeres del centro parroquial. Adem\u00e1s de tiempos de oraci\u00f3n y recreaci\u00f3n en com\u00fan.<\/p>\n\n\n\n<p>En la Evaluaci\u00f3n se destac\u00f3 la alegr\u00eda del encuentro, los aprendizajes que surgen del compartir experiencias, orar juntos y reflexionar la Palabra de Dios.<\/p>\n\n\n\n<p>&nbsp;En nuestro caso particular, Ver\u00f3nica, la Hermana Marisol y Juancho, quedamos a cargo de visitar peri\u00f3dicamente las Comunidades de Chimbote y Nuevo Para\u00edso (donde ya estuvimos en Pascua) y otras tres comunidades cercanas a estas. Est\u00e1n a unas tres o cuatro horas de aqu\u00ed. &nbsp;De ese modo, con una visita de cuatro o cinco d\u00edas cada dos meses, so\u00f1amos un acompa\u00f1amiento m\u00e1s cercano y profundo que les ayude a crecer en su ya hermosa vida eclesial comunitaria, con rostro amaz\u00f3nico.<\/p>\n\n\n\n<p> Hasta aqu\u00ed llegamos por hoy; esto es lo que nos pareci\u00f3 m\u00e1s relevante para compartirles. El mes de julio ser\u00e1 diferente, con algunas actividades de la Triple Frontera y Vicariales que demandar\u00e1n traslados, tiempo y creatividad.<\/p>\n\n\n\n<p> Nos despedimos de ustedes con un gran abrazo, con la gratitud y el cari\u00f1o de siempre:<\/p>\n\n\n\n<p>Ver\u00f3nica Rub\u00ed- Di\u00f3cesis de Mar del Plata<\/p>\n\n\n\n<p>Juan Ignacio Fuentes- Di\u00f3cesis de Chascom\u00fas<\/p>\n\n\n\n<figure class=\"wp-block-image size-large\"><img loading=\"lazy\" width=\"1024\" height=\"768\" src=\"https:\/\/www.obispado-mdp.org.ar\/a\/wp-content\/uploads\/2025\/07\/Portadas-web-9-1024x768.png\" alt=\"\" class=\"wp-image-46748\"\/><\/figure>\n\n\n\n<figure class=\"wp-block-image size-large\"><img loading=\"lazy\" width=\"1024\" height=\"804\" src=\"https:\/\/www.obispado-mdp.org.ar\/a\/wp-content\/uploads\/2025\/07\/PHOTO-2025-07-02-18-48-02_1-1024x804.jpg\" alt=\"\" class=\"wp-image-46739\"\/><\/figure>\n\n\n\n<figure class=\"wp-block-image size-large\"><img loading=\"lazy\" width=\"1024\" height=\"914\" src=\"https:\/\/www.obispado-mdp.org.ar\/a\/wp-content\/uploads\/2025\/07\/PHOTO-2025-07-02-18-48-02_3-1024x914.jpg\" alt=\"\" class=\"wp-image-46741\"\/><\/figure>\n\n\n\n<figure class=\"wp-block-image size-large\"><img loading=\"lazy\" width=\"1024\" height=\"770\" src=\"https:\/\/www.obispado-mdp.org.ar\/a\/wp-content\/uploads\/2025\/07\/PHOTO-2025-07-02-18-48-03_2-1024x770.jpg\" alt=\"\" class=\"wp-image-46742\"\/><\/figure>\n\n\n\n<figure class=\"wp-block-image size-large\"><img loading=\"lazy\" width=\"1024\" height=\"738\" src=\"https:\/\/www.obispado-mdp.org.ar\/a\/wp-content\/uploads\/2025\/07\/PHOTO-2025-07-02-18-48-03-1024x738.jpg\" alt=\"\" class=\"wp-image-46743\"\/><\/figure>\n","protected":false},"excerpt":{"rendered":"<p>Queridos amigos, hermanos y hermanas de las Di\u00f3cesis de Mar del Plata y Chascom\u00fas Con alegr\u00eda nos dirigimos a ustedes, como cada mes, para compartirles algo de lo que vamos transitando en este hermoso lugar de la Amazon\u00eda Peruana, Caballo Cocha. En esta oportunidad les contaremos brevemente el ambiente espiritual que enmarc\u00f3 el mes de [&hellip;]<\/p>\n","protected":false},"author":4,"featured_media":0,"comment_status":"open","ping_status":"open","sticky":false,"template":"","format":"standard","meta":{"_et_pb_use_builder":"","_et_pb_old_content":"","_et_gb_content_width":""},"categories":[4],"tags":[],"aioseo_notices":[],"_links":{"self":[{"href":"https:\/\/www.obispado-mdp.org.ar\/a\/wp-json\/wp\/v2\/posts\/46738"}],"collection":[{"href":"https:\/\/www.obispado-mdp.org.ar\/a\/wp-json\/wp\/v2\/posts"}],"about":[{"href":"https:\/\/www.obispado-mdp.org.ar\/a\/wp-json\/wp\/v2\/types\/post"}],"author":[{"embeddable":true,"href":"https:\/\/www.obispado-mdp.org.ar\/a\/wp-json\/wp\/v2\/users\/4"}],"replies":[{"embeddable":true,"href":"https:\/\/www.obispado-mdp.org.ar\/a\/wp-json\/wp\/v2\/comments?post=46738"}],"version-history":[{"count":3,"href":"https:\/\/www.obispado-mdp.org.ar\/a\/wp-json\/wp\/v2\/posts\/46738\/revisions"}],"predecessor-version":[{"id":46750,"href":"https:\/\/www.obispado-mdp.org.ar\/a\/wp-json\/wp\/v2\/posts\/46738\/revisions\/46750"}],"wp:attachment":[{"href":"https:\/\/www.obispado-mdp.org.ar\/a\/wp-json\/wp\/v2\/media?parent=46738"}],"wp:term":[{"taxonomy":"category","embeddable":true,"href":"https:\/\/www.obispado-mdp.org.ar\/a\/wp-json\/wp\/v2\/categories?post=46738"},{"taxonomy":"post_tag","embeddable":true,"href":"https:\/\/www.obispado-mdp.org.ar\/a\/wp-json\/wp\/v2\/tags?post=46738"}],"curies":[{"name":"wp","href":"https:\/\/api.w.org\/{rel}","templated":true}]}}