{"id":46751,"date":"2025-07-05T10:22:00","date_gmt":"2025-07-05T13:22:00","guid":{"rendered":"https:\/\/www.obispado-mdp.org.ar\/a\/?p=46751"},"modified":"2025-07-04T22:29:30","modified_gmt":"2025-07-05T01:29:30","slug":"emaus-2025-un-retiro-que-encendio-corazones-jovenes","status":"publish","type":"post","link":"https:\/\/www.obispado-mdp.org.ar\/a\/emaus-2025-un-retiro-que-encendio-corazones-jovenes\/","title":{"rendered":"Ema\u00fas 2025: un retiro que encendi\u00f3 corazones j\u00f3venes"},"content":{"rendered":"\n<p>M\u00e1s de una docena de j\u00f3venes participaron del retiro Ema\u00fas bajo el lema \u201c\u00bfQu\u00e9 arde en tu coraz\u00f3n?\u201d, una propuesta de la Pastoral Vocacional que se realiz\u00f3 el pasado fin de semana en La Armon\u00eda. <\/p>\n\n\n\n<p>Organizado por un equipo de animadores, servidores, consagrados y sacerdotes, el encuentro ofreci\u00f3 a los j\u00f3venes un espacio de oraci\u00f3n, reflexi\u00f3n y comunidad, inspirado en el pasaje del Evangelio de Lucas sobre los disc\u00edpulos de Ema\u00fas.<\/p>\n\n\n\n<p>Durante tres d\u00edas intensos, los participantes vivieron momentos significativos como la lectura compartida del Evangelio, testimonios de vida, juegos, din\u00e1micas de grupo, caminatas, adoraci\u00f3n eucar\u00edstica y la celebraci\u00f3n de la Eucarist\u00eda. Una de las experiencias m\u00e1s profundas fue el desierto personal, donde cada joven rez\u00f3 en silencio guiado por la Palabra.<\/p>\n\n\n\n<p>Con la misa final el domingo por la tarde junto a las familias, el retiro cerr\u00f3 entre abrazos, cantos y una renovada fe. Para muchos, Ema\u00fas no fue solo un alto en el a\u00f1o: fue una experiencia que les mostr\u00f3 que Jes\u00fas sigue caminando a su lado y los llama a cada uno a la santidad.<\/p>\n\n\n\n<figure class=\"wp-block-image size-large\"><img loading=\"lazy\" width=\"1024\" height=\"610\" src=\"https:\/\/www.obispado-mdp.org.ar\/a\/wp-content\/uploads\/2025\/07\/PHOTO-2025-07-04-18-48-33_2-1024x610.jpg\" alt=\"\" class=\"wp-image-46752\"\/><\/figure>\n\n\n\n<figure class=\"wp-block-image size-large\"><img loading=\"lazy\" width=\"1024\" height=\"768\" src=\"https:\/\/www.obispado-mdp.org.ar\/a\/wp-content\/uploads\/2025\/07\/PHOTO-2025-07-04-18-48-33_1-1024x768.jpg\" alt=\"\" class=\"wp-image-46753\"\/><\/figure>\n\n\n\n<figure class=\"wp-block-image size-large is-resized\"><img loading=\"lazy\" src=\"https:\/\/www.obispado-mdp.org.ar\/a\/wp-content\/uploads\/2025\/07\/PHOTO-2025-07-04-18-48-27-768x1024.jpg\" alt=\"\" class=\"wp-image-46754\" width=\"817\" height=\"1089\"\/><\/figure>\n\n\n\n<figure class=\"wp-block-image size-large is-resized\"><img loading=\"lazy\" src=\"https:\/\/www.obispado-mdp.org.ar\/a\/wp-content\/uploads\/2025\/07\/PHOTO-2025-07-04-18-48-31_3-768x1024.jpg\" alt=\"\" class=\"wp-image-46755\" width=\"819\" height=\"1092\"\/><\/figure>\n\n\n\n<figure class=\"wp-block-image size-large is-resized\"><img loading=\"lazy\" src=\"https:\/\/www.obispado-mdp.org.ar\/a\/wp-content\/uploads\/2025\/07\/PHOTO-2025-07-04-18-48-33-768x1024.jpg\" alt=\"\" class=\"wp-image-46756\" width=\"827\" height=\"1103\"\/><\/figure>\n\n\n\n<figure class=\"wp-block-image size-large is-resized\"><img loading=\"lazy\" src=\"https:\/\/www.obispado-mdp.org.ar\/a\/wp-content\/uploads\/2025\/07\/PHOTO-2025-07-04-18-48-31_2-768x1024.jpg\" alt=\"\" class=\"wp-image-46757\" width=\"825\" height=\"1100\"\/><\/figure>\n\n\n\n<figure class=\"wp-block-image size-large is-resized\"><img loading=\"lazy\" src=\"https:\/\/www.obispado-mdp.org.ar\/a\/wp-content\/uploads\/2025\/07\/PHOTO-2025-07-04-18-48-32-768x1024.jpg\" alt=\"\" class=\"wp-image-46758\" width=\"820\" height=\"1093\"\/><\/figure>\n\n\n\n<figure class=\"wp-block-image size-large is-resized\"><img loading=\"lazy\" src=\"https:\/\/www.obispado-mdp.org.ar\/a\/wp-content\/uploads\/2025\/07\/PHOTO-2025-07-04-18-48-32_1-768x1024.jpg\" alt=\"\" class=\"wp-image-46760\" width=\"818\" height=\"1091\"\/><\/figure>\n","protected":false},"excerpt":{"rendered":"<p>M\u00e1s de una docena de j\u00f3venes participaron del retiro Ema\u00fas bajo el lema \u201c\u00bfQu\u00e9 arde en tu coraz\u00f3n?\u201d, una propuesta de la Pastoral Vocacional que se realiz\u00f3 el pasado fin de semana en La Armon\u00eda. Organizado por un equipo de animadores, servidores, consagrados y sacerdotes, el encuentro ofreci\u00f3 a los j\u00f3venes un espacio de oraci\u00f3n, [&hellip;]<\/p>\n","protected":false},"author":4,"featured_media":0,"comment_status":"open","ping_status":"open","sticky":false,"template":"","format":"standard","meta":{"_et_pb_use_builder":"","_et_pb_old_content":"","_et_gb_content_width":""},"categories":[4],"tags":[],"aioseo_notices":[],"_links":{"self":[{"href":"https:\/\/www.obispado-mdp.org.ar\/a\/wp-json\/wp\/v2\/posts\/46751"}],"collection":[{"href":"https:\/\/www.obispado-mdp.org.ar\/a\/wp-json\/wp\/v2\/posts"}],"about":[{"href":"https:\/\/www.obispado-mdp.org.ar\/a\/wp-json\/wp\/v2\/types\/post"}],"author":[{"embeddable":true,"href":"https:\/\/www.obispado-mdp.org.ar\/a\/wp-json\/wp\/v2\/users\/4"}],"replies":[{"embeddable":true,"href":"https:\/\/www.obispado-mdp.org.ar\/a\/wp-json\/wp\/v2\/comments?post=46751"}],"version-history":[{"count":1,"href":"https:\/\/www.obispado-mdp.org.ar\/a\/wp-json\/wp\/v2\/posts\/46751\/revisions"}],"predecessor-version":[{"id":46761,"href":"https:\/\/www.obispado-mdp.org.ar\/a\/wp-json\/wp\/v2\/posts\/46751\/revisions\/46761"}],"wp:attachment":[{"href":"https:\/\/www.obispado-mdp.org.ar\/a\/wp-json\/wp\/v2\/media?parent=46751"}],"wp:term":[{"taxonomy":"category","embeddable":true,"href":"https:\/\/www.obispado-mdp.org.ar\/a\/wp-json\/wp\/v2\/categories?post=46751"},{"taxonomy":"post_tag","embeddable":true,"href":"https:\/\/www.obispado-mdp.org.ar\/a\/wp-json\/wp\/v2\/tags?post=46751"}],"curies":[{"name":"wp","href":"https:\/\/api.w.org\/{rel}","templated":true}]}}